{"id":102152,"date":"2019-03-10T15:18:59","date_gmt":"2019-03-10T13:18:59","guid":{"rendered":"https:\/\/sana.sy\/es\/?p=102152"},"modified":"2019-08-21T22:37:47","modified_gmt":"2019-08-21T19:37:47","slug":"al-assad-la-guerra-contra-siria-comenzo-a-tomar-nueva-forma-basada-en-el-bloqueo-y-la-guerra-economica","status":"publish","type":"post","link":"https:\/\/archive.sana.sy\/es\/?p=102152","title":{"rendered":"Al-Assad: la guerra contra Siria comenz\u00f3 a tomar nueva forma basada en el bloqueo y la guerra econ\u00f3mica"},"content":{"rendered":"<p style=\"text-align: justify;\"><span style=\"color: #800000;\">Damasco, SANA<\/span><\/p>\n<p style=\"text-align: justify;\">El presidente Bashar al-Assad, recibi\u00f3 hoy en la capital Damasco, a Chen Xiaodong, ministro asistente de Relaciones Exteriores de la Rep\u00fablica Popular China, y su delegaci\u00f3n acompa\u00f1ante.<\/p>\n<p style=\"text-align: justify;\">Ambos lados sostuvieron conversaciones bilaterales en las que destacaron las s\u00f3lidas relaciones hist\u00f3ricas entre los dos pa\u00edses, y reafirmaron la necesidad de fortalecer la coordinaci\u00f3n y la cooperaci\u00f3n en los niveles pol\u00edtico, militar, econ\u00f3mico, cultural y tecnol\u00f3gico.<\/p>\n<p style=\"text-align: justify;\">El presidente al-Assad dijo que la guerra contra Siria comenz\u00f3 a tomar una nueva forma basada en el bloqueo y la guerra econ\u00f3mica.<\/p>\n<p style=\"text-align: justify;\">\u201cLas herramientas de la pol\u00edtica internacional han cambiado y las diferencias que antes se resolv\u00edan mediante el di\u00e1logo, hoy en d\u00eda se est\u00e1 adoptando un m\u00e9todo diferente basado en el boicot, el retiro de embajadores, el asedio econ\u00f3mico y el uso del terrorismo\u201d, opin\u00f3 el presidente sirio.<\/p>\n<p style=\"text-align: justify;\">Destac\u00f3 que la guerra contra Siria es parte de una amplia guerra en la escena internacional. \u201cEl terrorismo no puede limitarse a una zona geogr\u00e1fica espec\u00edfica y las distancias, por muy lejos que se encuentren, no obstaculizan la expansi\u00f3n de la ideolog\u00eda radical\u201d, a\u00f1adi\u00f3.<\/p>\n<p style=\"text-align: justify;\">Al-Assad enfatiz\u00f3 que la lucha antiterrorista no s\u00f3lo se lleva militarmente, y lo m\u00e1s importante es combatir este flageo intelectual e ideol\u00f3gicamente.<\/p>\n<p style=\"text-align: justify;\">Seg\u00fan el mandatario sirio, la lucha contra el terrorismo conduce finalmente a una soluci\u00f3n pol\u00edtica y cualquier charla sobre soluciones pol\u00edticas en medio de la propagaci\u00f3n del terrorismo, es una mera ilusi\u00f3n y enga\u00f1o.<\/p>\n<p style=\"text-align: justify;\">Por su parte, Xiaodong dijo que China mira a las relaciones con Siria con una visi\u00f3n estrat\u00e9gica a largo plazo.<\/p>\n<p style=\"text-align: justify;\">Acot\u00f3 que gracias a la firmeza del liderazgo y el pueblo de Siria, la situaci\u00f3n en el terreno ha comenzado a mejorar.<\/p>\n<p style=\"text-align: justify;\">\u201cPek\u00edn est\u00e1 dispuesto a continuar apoyando a Siria y brindarle toda ayuda posible\u201d, dijo el alto diplom\u00e1tico chino.<\/p>\n<p style=\"text-align: justify;\"><span style=\"color: #0000ff;\">F. Marouf\/ E. Dubian<\/span><\/p>\n","protected":false},"excerpt":{"rendered":"<p>Damasco, SANA El presidente Bashar al-Assad, recibi\u00f3 hoy en la capital Damasco, a Chen Xiaodong, ministro asistente de Relaciones Exteriores de la Rep\u00fablica Popular China, y su delegaci\u00f3n acompa\u00f1ante. Ambos lados sostuvieron conversaciones bilaterales en las que destacaron las s\u00f3lidas relaciones hist\u00f3ricas entre los dos pa\u00edses, y reafirmaron la necesidad de fortalecer la coordinaci\u00f3n y &hellip;<\/p>\n","protected":false},"author":32,"featured_media":102153,"comment_status":"closed","ping_status":"closed","sticky":false,"template":"","format":"standard","meta":{"footnotes":""},"categories":[597,16237,583,626],"tags":[14650],"class_list":["post-102152","post","type-post","status-publish","format-standard","has-post-thumbnail","","category-cinta-de-noticias","category-presidence-de-la-republique-arabe-syria","category-slide","category-sr-presidente","tag-al-assad-la-guerra-contra-siria-comenzo-a-tomar-nueva-forma-basada-en-el-bloqueo-y-la-guerra-economica"],"_links":{"self":[{"href":"https:\/\/archive.sana.sy\/es\/index.php?rest_route=\/wp\/v2\/posts\/102152"}],"collection":[{"href":"https:\/\/archive.sana.sy\/es\/index.php?rest_route=\/wp\/v2\/posts"}],"about":[{"href":"https:\/\/archive.sana.sy\/es\/index.php?rest_route=\/wp\/v2\/types\/post"}],"author":[{"embeddable":true,"href":"https:\/\/archive.sana.sy\/es\/index.php?rest_route=\/wp\/v2\/users\/32"}],"replies":[{"embeddable":true,"href":"https:\/\/archive.sana.sy\/es\/index.php?rest_route=%2Fwp%2Fv2%2Fcomments&post=102152"}],"version-history":[{"count":0,"href":"https:\/\/archive.sana.sy\/es\/index.php?rest_route=\/wp\/v2\/posts\/102152\/revisions"}],"wp:featuredmedia":[{"embeddable":true,"href":"https:\/\/archive.sana.sy\/es\/index.php?rest_route=\/wp\/v2\/media\/102153"}],"wp:attachment":[{"href":"https:\/\/archive.sana.sy\/es\/index.php?rest_route=%2Fwp%2Fv2%2Fmedia&parent=102152"}],"wp:term":[{"taxonomy":"category","embeddable":true,"href":"https:\/\/archive.sana.sy\/es\/index.php?rest_route=%2Fwp%2Fv2%2Fcategories&post=102152"},{"taxonomy":"post_tag","embeddable":true,"href":"https:\/\/archive.sana.sy\/es\/index.php?rest_route=%2Fwp%2Fv2%2Ftags&post=102152"}],"curies":[{"name":"wp","href":"https:\/\/api.w.org\/{rel}","templated":true}]}}