{"id":102161,"date":"2019-03-10T15:37:52","date_gmt":"2019-03-10T13:37:52","guid":{"rendered":"https:\/\/sana.sy\/es\/?p=102161"},"modified":"2019-03-11T13:17:54","modified_gmt":"2019-03-11T11:17:54","slug":"irak-e-iran-reiteran-apoyo-a-unidad-territorial-de-siria","status":"publish","type":"post","link":"https:\/\/archive.sana.sy\/es\/?p=102161","title":{"rendered":"Irak e Ir\u00e1n reiteran apoyo a unidad territorial de Siria"},"content":{"rendered":"<p>Bagdad-SANA<\/p>\n<p>El Ministro de Exteriores de Ir\u00e1n, Mohammad Javad Zarif y el Ministro de Exteriores de Irak, Mohammad Ali al-Hakim reiteraron su apoyo a la integridad territorial de Siria y a la acci\u00f3n conjunta encaminada a erradicar el terrorismo<\/p>\n<p>Zarif dijo en una conferencia de prensa celebrada con su hom\u00f3logo iraqu\u00ed en Bagdad, que &#8220;el tema sirio fue discutido durante las conversaciones entre las dos partes as\u00ed como se subray\u00f3 la necesidad de preservar la unidad del territorio sirio y eliminar a la organizaci\u00f3n terrorista DAESH\u00a8.<\/p>\n<p>Y.K.<\/p>\n","protected":false},"excerpt":{"rendered":"<p>Bagdad-SANA El Ministro de Exteriores de Ir\u00e1n, Mohammad Javad Zarif y el Ministro de Exteriores de Irak, Mohammad Ali al-Hakim reiteraron su apoyo a la integridad territorial de Siria y a la acci\u00f3n conjunta encaminada a erradicar el terrorismo Zarif dijo en una conferencia de prensa celebrada con su hom\u00f3logo iraqu\u00ed en Bagdad, que &#8220;el &hellip;<\/p>\n","protected":false},"author":1,"featured_media":102162,"comment_status":"closed","ping_status":"closed","sticky":false,"template":"","format":"standard","meta":{"footnotes":""},"categories":[456,7541],"tags":[],"class_list":["post-102161","post","type-post","status-publish","format-standard","has-post-thumbnail","","category-arabe-internacional-politica","category-ultimas-noticias"],"_links":{"self":[{"href":"https:\/\/archive.sana.sy\/es\/index.php?rest_route=\/wp\/v2\/posts\/102161"}],"collection":[{"href":"https:\/\/archive.sana.sy\/es\/index.php?rest_route=\/wp\/v2\/posts"}],"about":[{"href":"https:\/\/archive.sana.sy\/es\/index.php?rest_route=\/wp\/v2\/types\/post"}],"author":[{"embeddable":true,"href":"https:\/\/archive.sana.sy\/es\/index.php?rest_route=\/wp\/v2\/users\/1"}],"replies":[{"embeddable":true,"href":"https:\/\/archive.sana.sy\/es\/index.php?rest_route=%2Fwp%2Fv2%2Fcomments&post=102161"}],"version-history":[{"count":0,"href":"https:\/\/archive.sana.sy\/es\/index.php?rest_route=\/wp\/v2\/posts\/102161\/revisions"}],"wp:featuredmedia":[{"embeddable":true,"href":"https:\/\/archive.sana.sy\/es\/index.php?rest_route=\/wp\/v2\/media\/102162"}],"wp:attachment":[{"href":"https:\/\/archive.sana.sy\/es\/index.php?rest_route=%2Fwp%2Fv2%2Fmedia&parent=102161"}],"wp:term":[{"taxonomy":"category","embeddable":true,"href":"https:\/\/archive.sana.sy\/es\/index.php?rest_route=%2Fwp%2Fv2%2Fcategories&post=102161"},{"taxonomy":"post_tag","embeddable":true,"href":"https:\/\/archive.sana.sy\/es\/index.php?rest_route=%2Fwp%2Fv2%2Ftags&post=102161"}],"curies":[{"name":"wp","href":"https:\/\/api.w.org\/{rel}","templated":true}]}}