{"id":102185,"date":"2019-03-11T20:20:17","date_gmt":"2019-03-11T18:20:17","guid":{"rendered":"https:\/\/sana.sy\/es\/?p=102185"},"modified":"2023-01-09T14:08:48","modified_gmt":"2023-01-09T12:08:48","slug":"protestan-en-quneitra-contra-planes-sionistas-de-confiscar-las-tierras-de-gloaneses-bajo-la-ocupacion","status":"publish","type":"post","link":"https:\/\/archive.sana.sy\/es\/?p=102185","title":{"rendered":"Protestan en Quneitra contra planes sionistas de confiscar las tierras de gloaneses bajo la ocupaci\u00f3n"},"content":{"rendered":"<p style=\"text-align: justify;\"><span style=\"color: #800000;\">Quneitra, SANA<\/span><\/p>\n<p style=\"text-align: justify;\">Cientos de ciudadanos se concentraron en la liberada ciudad de Quneitra, en la l\u00ednea de separaci\u00f3n con el enemigo israel\u00ed, donde expresaron su categ\u00f3rico rechazo a los planes sionistas encaminados a confiscar las tierras de los ciudadanos sirios en el Gol\u00e1n sirio ocupado.<\/p>\n<p style=\"text-align: justify;\">Los manifestantes expresaron su solidaridad con sus compatriotas en el Gol\u00e1n que rechazan los planes israel\u00edes de construir turbinas e\u00f3licas sobre sus tierras.<\/p>\n<p style=\"text-align: justify;\">Desde la ocupaci\u00f3n del Gol\u00e1n sirio en el a\u00f1o 1967, las autoridades de ocupaci\u00f3n israel\u00edes procedieron a saquear sistem\u00e1ticamente sus recursos naturales y agr\u00edcolas mediante la implementaci\u00f3n de cientos de planes de judaizaci\u00f3n.<\/p>\n<p style=\"text-align: justify;\">En una declaraci\u00f3n emitida por los representantes religiosos y sociales de los poblados sirios ocupados de Majdal Shams, Masada, Buqatha y Ein Qunya, los golaneses confirmaron una vez m\u00e1s su pertenencia a la patria siria y su determinaci\u00f3n de afrontar todas las pr\u00e1cticas y formas de judaizaci\u00f3n ejercidas por las autoridades de ocupaci\u00f3n israel\u00edes.<\/p>\n<p style=\"text-align: justify;\">Las autoridades de ocupaci\u00f3n hab\u00edan aprobado un proyecto para la construcci\u00f3n de turbinas e\u00f3licas sobre las tierras agr\u00edcolas de los sirios que est\u00e1n bajo la ocupaci\u00f3n en un intento de quitarle sus propiedades.<\/p>\n<p style=\"text-align: justify;\"><span style=\"color: #0000ff;\">F. Marouf\/ E. Dubian<\/span><\/p>\n","protected":false},"excerpt":{"rendered":"<p>Quneitra, SANA Cientos de ciudadanos se concentraron en la liberada ciudad de Quneitra, en la l\u00ednea de separaci\u00f3n con el enemigo israel\u00ed, donde expresaron su categ\u00f3rico rechazo a los planes sionistas encaminados a confiscar las tierras de los ciudadanos sirios en el Gol\u00e1n sirio ocupado. Los manifestantes expresaron su solidaridad con sus compatriotas en el &hellip;<\/p>\n","protected":false},"author":32,"featured_media":102186,"comment_status":"closed","ping_status":"closed","sticky":false,"template":"","format":"standard","meta":{"footnotes":""},"categories":[597,476,7541],"tags":[14655],"class_list":["post-102185","post","type-post","status-publish","format-standard","has-post-thumbnail","","category-cinta-de-noticias","category-locales","category-ultimas-noticias","tag-protestan-en-quneitra-contra-planes-sionistas-de-confiscar-las-tierras-de-gloaneses-bajo-la-ocupacion"],"_links":{"self":[{"href":"https:\/\/archive.sana.sy\/es\/index.php?rest_route=\/wp\/v2\/posts\/102185"}],"collection":[{"href":"https:\/\/archive.sana.sy\/es\/index.php?rest_route=\/wp\/v2\/posts"}],"about":[{"href":"https:\/\/archive.sana.sy\/es\/index.php?rest_route=\/wp\/v2\/types\/post"}],"author":[{"embeddable":true,"href":"https:\/\/archive.sana.sy\/es\/index.php?rest_route=\/wp\/v2\/users\/32"}],"replies":[{"embeddable":true,"href":"https:\/\/archive.sana.sy\/es\/index.php?rest_route=%2Fwp%2Fv2%2Fcomments&post=102185"}],"version-history":[{"count":0,"href":"https:\/\/archive.sana.sy\/es\/index.php?rest_route=\/wp\/v2\/posts\/102185\/revisions"}],"wp:featuredmedia":[{"embeddable":true,"href":"https:\/\/archive.sana.sy\/es\/index.php?rest_route=\/wp\/v2\/media\/102186"}],"wp:attachment":[{"href":"https:\/\/archive.sana.sy\/es\/index.php?rest_route=%2Fwp%2Fv2%2Fmedia&parent=102185"}],"wp:term":[{"taxonomy":"category","embeddable":true,"href":"https:\/\/archive.sana.sy\/es\/index.php?rest_route=%2Fwp%2Fv2%2Fcategories&post=102185"},{"taxonomy":"post_tag","embeddable":true,"href":"https:\/\/archive.sana.sy\/es\/index.php?rest_route=%2Fwp%2Fv2%2Ftags&post=102185"}],"curies":[{"name":"wp","href":"https:\/\/api.w.org\/{rel}","templated":true}]}}