{"id":102213,"date":"2019-03-11T18:26:46","date_gmt":"2019-03-11T16:26:46","guid":{"rendered":"https:\/\/sana.sy\/es\/?p=102213"},"modified":"2019-03-12T13:27:44","modified_gmt":"2019-03-12T11:27:44","slug":"ffaa-arrasa-con-zulos-de-terroristas-en-khan-shiekun-y-tamlanas","status":"publish","type":"post","link":"https:\/\/archive.sana.sy\/es\/?p=102213","title":{"rendered":"Fuerzas Armadas bombardean a cuarteles terroristas en el sudeste de Idleb"},"content":{"rendered":"<p style=\"text-align: justify;\"><span style=\"color: #800000;\">Idleb, SANA<\/span><\/p>\n<p style=\"text-align: justify;\">En respuesta a sus violaciones al acuerdo de zona de distensi\u00f3n en Idleb, unidades del ej\u00e9rcito bombardearon a los cuarteles y fortines del grupo terrorista Frente Al-Nousra en las ciudades de Khan Shaikhun y Talmenes, en el campo sureste de la provincia septentrional de Idleb.<\/p>\n<p style=\"text-align: justify;\">En su respuesta militar, el ej\u00e9rcito sirio emple\u00f3 el fuego de la artiller\u00eda y los tanques.<\/p>\n<p style=\"text-align: justify;\">El bombardeo dej\u00f3 destruidos a fortines de bandas terroristas, adem\u00e1s de abatir a un n\u00famero indeterminado de sus integrantes.<\/p>\n<p style=\"text-align: justify;\"><span style=\"color: #0000ff;\">Y.K.\/ F. Marouf\/ E. Dubian<\/span><\/p>\n","protected":false},"excerpt":{"rendered":"<p>Idleb, SANA En respuesta a sus violaciones al acuerdo de zona de distensi\u00f3n en Idleb, unidades del ej\u00e9rcito bombardearon a los cuarteles y fortines del grupo terrorista Frente Al-Nousra en las ciudades de Khan Shaikhun y Talmenes, en el campo sureste de la provincia septentrional de Idleb. En su respuesta militar, el ej\u00e9rcito sirio emple\u00f3 &hellip;<\/p>\n","protected":false},"author":1,"featured_media":102214,"comment_status":"closed","ping_status":"closed","sticky":false,"template":"","format":"standard","meta":{"footnotes":""},"categories":[573,7541],"tags":[14663],"class_list":["post-102213","post","type-post","status-publish","format-standard","has-post-thumbnail","","category-la-realidad-de-los-acontecimientos-en-siria","category-ultimas-noticias","tag-fuerzas-armadas-bombardea-a-cuarteles-terroristas-en-el-sudeste-de-idleb"],"_links":{"self":[{"href":"https:\/\/archive.sana.sy\/es\/index.php?rest_route=\/wp\/v2\/posts\/102213"}],"collection":[{"href":"https:\/\/archive.sana.sy\/es\/index.php?rest_route=\/wp\/v2\/posts"}],"about":[{"href":"https:\/\/archive.sana.sy\/es\/index.php?rest_route=\/wp\/v2\/types\/post"}],"author":[{"embeddable":true,"href":"https:\/\/archive.sana.sy\/es\/index.php?rest_route=\/wp\/v2\/users\/1"}],"replies":[{"embeddable":true,"href":"https:\/\/archive.sana.sy\/es\/index.php?rest_route=%2Fwp%2Fv2%2Fcomments&post=102213"}],"version-history":[{"count":0,"href":"https:\/\/archive.sana.sy\/es\/index.php?rest_route=\/wp\/v2\/posts\/102213\/revisions"}],"wp:featuredmedia":[{"embeddable":true,"href":"https:\/\/archive.sana.sy\/es\/index.php?rest_route=\/wp\/v2\/media\/102214"}],"wp:attachment":[{"href":"https:\/\/archive.sana.sy\/es\/index.php?rest_route=%2Fwp%2Fv2%2Fmedia&parent=102213"}],"wp:term":[{"taxonomy":"category","embeddable":true,"href":"https:\/\/archive.sana.sy\/es\/index.php?rest_route=%2Fwp%2Fv2%2Fcategories&post=102213"},{"taxonomy":"post_tag","embeddable":true,"href":"https:\/\/archive.sana.sy\/es\/index.php?rest_route=%2Fwp%2Fv2%2Ftags&post=102213"}],"curies":[{"name":"wp","href":"https:\/\/api.w.org\/{rel}","templated":true}]}}