{"id":102242,"date":"2019-03-12T13:05:16","date_gmt":"2019-03-12T11:05:16","guid":{"rendered":"https:\/\/www.sana.sy\/es\/?p=102242"},"modified":"2019-03-12T13:05:16","modified_gmt":"2019-03-12T11:05:16","slug":"lavrov-resalta-necesidad-de-facilitar-el-regreso-de-los-refugiados-sirios","status":"publish","type":"post","link":"https:\/\/archive.sana.sy\/es\/?p=102242","title":{"rendered":"Lavrov resalta necesidad de facilitar el regreso de los refugiados sirios"},"content":{"rendered":"<p style=\"text-align: justify;\"><span style=\"color: #800000;\">Mosc\u00fa, SANA<\/span><\/p>\n<p style=\"text-align: justify;\">El ministro de Exteriores ruso, Sergei Lavrov, destac\u00f3 la necesidad de apoyar los esfuerzos encaminados a lograr una soluci\u00f3n pol\u00edtica a la crisis en Siria de conformidad con la Resoluci\u00f3n No. 2254 de la ONU.<\/p>\n<p style=\"text-align: justify;\">En una rueda de prensa con la canciller austriaca, Karen Kensail, Lavrov inst\u00f3 a facilitar el regreso de los refugiados sirios a su pa\u00eds y ayudar en la reconstrucci\u00f3n.<\/p>\n<p style=\"text-align: justify;\">Por otro lado, el ministro de Exteriores ruso asegur\u00f3 que las recientes acusaciones de Pompeo en contra de Rusia en relaci\u00f3n con Venezuela son &#8220;una dura violaci\u00f3n de las normas \u00e9ticas&#8221;.<\/p>\n<p style=\"text-align: justify;\"><span style=\"color: #0000ff;\">F. Marouf\/ Dr. A. Shaban<\/span><\/p>\n","protected":false},"excerpt":{"rendered":"<p>Mosc\u00fa, SANA El ministro de Exteriores ruso, Sergei Lavrov, destac\u00f3 la necesidad de apoyar los esfuerzos encaminados a lograr una soluci\u00f3n pol\u00edtica a la crisis en Siria de conformidad con la Resoluci\u00f3n No. 2254 de la ONU. En una rueda de prensa con la canciller austriaca, Karen Kensail, Lavrov inst\u00f3 a facilitar el regreso de &hellip;<\/p>\n","protected":false},"author":32,"featured_media":102243,"comment_status":"closed","ping_status":"closed","sticky":false,"template":"","format":"standard","meta":{"footnotes":""},"categories":[597,467,7541],"tags":[14669],"class_list":["post-102242","post","type-post","status-publish","format-standard","has-post-thumbnail","","category-cinta-de-noticias","category-siria-y-el-mundo","category-ultimas-noticias","tag-lavrov-resalta-necesidad-de-facilitar-el-regreso-de-los-refugiados-sirios"],"_links":{"self":[{"href":"https:\/\/archive.sana.sy\/es\/index.php?rest_route=\/wp\/v2\/posts\/102242"}],"collection":[{"href":"https:\/\/archive.sana.sy\/es\/index.php?rest_route=\/wp\/v2\/posts"}],"about":[{"href":"https:\/\/archive.sana.sy\/es\/index.php?rest_route=\/wp\/v2\/types\/post"}],"author":[{"embeddable":true,"href":"https:\/\/archive.sana.sy\/es\/index.php?rest_route=\/wp\/v2\/users\/32"}],"replies":[{"embeddable":true,"href":"https:\/\/archive.sana.sy\/es\/index.php?rest_route=%2Fwp%2Fv2%2Fcomments&post=102242"}],"version-history":[{"count":0,"href":"https:\/\/archive.sana.sy\/es\/index.php?rest_route=\/wp\/v2\/posts\/102242\/revisions"}],"wp:featuredmedia":[{"embeddable":true,"href":"https:\/\/archive.sana.sy\/es\/index.php?rest_route=\/wp\/v2\/media\/102243"}],"wp:attachment":[{"href":"https:\/\/archive.sana.sy\/es\/index.php?rest_route=%2Fwp%2Fv2%2Fmedia&parent=102242"}],"wp:term":[{"taxonomy":"category","embeddable":true,"href":"https:\/\/archive.sana.sy\/es\/index.php?rest_route=%2Fwp%2Fv2%2Fcategories&post=102242"},{"taxonomy":"post_tag","embeddable":true,"href":"https:\/\/archive.sana.sy\/es\/index.php?rest_route=%2Fwp%2Fv2%2Ftags&post=102242"}],"curies":[{"name":"wp","href":"https:\/\/api.w.org\/{rel}","templated":true}]}}