{"id":102363,"date":"2019-03-13T21:34:40","date_gmt":"2019-03-13T19:34:40","guid":{"rendered":"https:\/\/sana.sy\/es\/?p=102363"},"modified":"2019-03-13T21:34:40","modified_gmt":"2019-03-13T19:34:40","slug":"defensa-rusa-la-fuerza-aerea-rusa-ataca-un-deposito-de-terroristas-de-al-nusra-en-idleb","status":"publish","type":"post","link":"https:\/\/archive.sana.sy\/es\/?p=102363","title":{"rendered":"Defensa rusa: La fuerza a\u00e9rea rusa ataca un dep\u00f3sito de terroristas de al-Nusra en Idleb"},"content":{"rendered":"<p><span style=\"color: #800000;\">Mosc\u00fa, SANA<\/span><\/p>\n<p style=\"text-align: justify;\">El Ministerio de Defensa ruso anunci\u00f3 que su aviaci\u00f3n militar llev\u00f3 a cabo ataques precisos contra un dep\u00f3sito de armas y municiones de la organizaci\u00f3n terrorista del Frente de al-Nusra en la ciudad de Idleb.<\/p>\n<p style=\"text-align: justify;\">Revel\u00f3 en un comunicado emitido este mi\u00e9rcoles que antes del ataque, los terroristas hab\u00edan transferido al submencionado dep\u00f3sito una gran cantidad de drones, y planeaban utilizarlos para dirigir un ataque a\u00e9reo contra la base rusa de Hmemim.<\/p>\n<p><span style=\"color: #0000ff;\">R. Rashed\/ Lynn A.<\/span><\/p>\n","protected":false},"excerpt":{"rendered":"<p>Mosc\u00fa, SANA El Ministerio de Defensa ruso anunci\u00f3 que su aviaci\u00f3n militar llev\u00f3 a cabo ataques precisos contra un dep\u00f3sito de armas y municiones de la organizaci\u00f3n terrorista del Frente de al-Nusra en la ciudad de Idleb. Revel\u00f3 en un comunicado emitido este mi\u00e9rcoles que antes del ataque, los terroristas hab\u00edan transferido al submencionado dep\u00f3sito &hellip;<\/p>\n","protected":false},"author":31,"featured_media":102364,"comment_status":"closed","ping_status":"closed","sticky":false,"template":"","format":"standard","meta":{"footnotes":""},"categories":[597,467,7541],"tags":[14681],"class_list":["post-102363","post","type-post","status-publish","format-standard","has-post-thumbnail","","category-cinta-de-noticias","category-siria-y-el-mundo","category-ultimas-noticias","tag-defensa-rusa-la-fuerza-aerea-rusa-ataca-un-deposito-de-terroristas-de-al-nusra-en-idleb"],"_links":{"self":[{"href":"https:\/\/archive.sana.sy\/es\/index.php?rest_route=\/wp\/v2\/posts\/102363"}],"collection":[{"href":"https:\/\/archive.sana.sy\/es\/index.php?rest_route=\/wp\/v2\/posts"}],"about":[{"href":"https:\/\/archive.sana.sy\/es\/index.php?rest_route=\/wp\/v2\/types\/post"}],"author":[{"embeddable":true,"href":"https:\/\/archive.sana.sy\/es\/index.php?rest_route=\/wp\/v2\/users\/31"}],"replies":[{"embeddable":true,"href":"https:\/\/archive.sana.sy\/es\/index.php?rest_route=%2Fwp%2Fv2%2Fcomments&post=102363"}],"version-history":[{"count":0,"href":"https:\/\/archive.sana.sy\/es\/index.php?rest_route=\/wp\/v2\/posts\/102363\/revisions"}],"wp:featuredmedia":[{"embeddable":true,"href":"https:\/\/archive.sana.sy\/es\/index.php?rest_route=\/wp\/v2\/media\/102364"}],"wp:attachment":[{"href":"https:\/\/archive.sana.sy\/es\/index.php?rest_route=%2Fwp%2Fv2%2Fmedia&parent=102363"}],"wp:term":[{"taxonomy":"category","embeddable":true,"href":"https:\/\/archive.sana.sy\/es\/index.php?rest_route=%2Fwp%2Fv2%2Fcategories&post=102363"},{"taxonomy":"post_tag","embeddable":true,"href":"https:\/\/archive.sana.sy\/es\/index.php?rest_route=%2Fwp%2Fv2%2Ftags&post=102363"}],"curies":[{"name":"wp","href":"https:\/\/api.w.org\/{rel}","templated":true}]}}