{"id":102368,"date":"2019-03-14T10:40:56","date_gmt":"2019-03-14T08:40:56","guid":{"rendered":"https:\/\/www.sana.sy\/es\/?p=102368"},"modified":"2023-01-10T15:10:06","modified_gmt":"2023-01-10T13:10:06","slug":"no-hay-limite-para-las-relaciones-sirio-iranies-afirma-ministro-irani","status":"publish","type":"post","link":"https:\/\/archive.sana.sy\/es\/?p=102368","title":{"rendered":"No hay l\u00edmite para las relaciones sirio-iran\u00edes, afirma ministro iran\u00ed"},"content":{"rendered":"<p style=\"text-align: justify;\"><span style=\"color: #800000;\">Teher\u00e1n, SANA<\/span><\/p>\n<p style=\"text-align: justify;\">El ministro iran\u00ed de Industria, Minas y Comercio, Reza Rahmani, subray\u00f3 la necesidad de ampliar y consolidar las relaciones comerciales entre Siria e Ir\u00e1n, y ratific\u00f3 que no hay l\u00edmites para fortalecer esas relaciones.<\/p>\n<p style=\"text-align: justify;\">La postura del titular iran\u00ed fue expresada en una reuni\u00f3n con una delegaci\u00f3n de empresarios sirios encabezada por Abdel Nasser Fattouh, vicepresidente de la Federaci\u00f3n de C\u00e1maras de Comercio de Siria.<\/p>\n<p style=\"text-align: justify;\">Rahmani indic\u00f3 que el fortalecimiento de las relaciones comerciales y econ\u00f3micas entre Siria e Ir\u00e1n cuenta con el apoyo de las m\u00e1s altas autoridades iran\u00edes.<\/p>\n<p style=\"text-align: justify;\">&#8220;Hay que identificar el potencial y las necesidades de los dos pa\u00edses en el marco de un plan estrat\u00e9gico a largo plazo&#8221;, dijo el ministro iran\u00ed.<\/p>\n<p style=\"text-align: justify;\">Hizo hincapi\u00e9 en que habr\u00e1 un aumento en el volumen del comercio entre Ir\u00e1n, Siria e Irak despu\u00e9s de garantizar una infraestructura para el transporte entre esos pa\u00edses.<\/p>\n<p style=\"text-align: justify;\">Por su parte, Fattouh dijo que el objetivo de la reuni\u00f3n es promover el trabajo y ampliarlo en virtud de los 12 acuerdos firmados entre los dos pa\u00edses.<\/p>\n<p style=\"text-align: justify;\"><span style=\"color: #0000ff;\">F. Marouf\/E. Dubian<\/span><\/p>\n","protected":false},"excerpt":{"rendered":"<p>Teher\u00e1n, SANA El ministro iran\u00ed de Industria, Minas y Comercio, Reza Rahmani, subray\u00f3 la necesidad de ampliar y consolidar las relaciones comerciales entre Siria e Ir\u00e1n, y ratific\u00f3 que no hay l\u00edmites para fortalecer esas relaciones. La postura del titular iran\u00ed fue expresada en una reuni\u00f3n con una delegaci\u00f3n de empresarios sirios encabezada por Abdel &hellip;<\/p>\n","protected":false},"author":32,"featured_media":102369,"comment_status":"closed","ping_status":"closed","sticky":false,"template":"","format":"standard","meta":{"footnotes":""},"categories":[597,485,467,7541],"tags":[14682],"class_list":["post-102368","post","type-post","status-publish","format-standard","has-post-thumbnail","","category-cinta-de-noticias","category-informes-negocios-y-finanzas","category-siria-y-el-mundo","category-ultimas-noticias","tag-no-hay-limite-para-las-relaciones-sirio-iranies-afirma-ministro-irani"],"_links":{"self":[{"href":"https:\/\/archive.sana.sy\/es\/index.php?rest_route=\/wp\/v2\/posts\/102368"}],"collection":[{"href":"https:\/\/archive.sana.sy\/es\/index.php?rest_route=\/wp\/v2\/posts"}],"about":[{"href":"https:\/\/archive.sana.sy\/es\/index.php?rest_route=\/wp\/v2\/types\/post"}],"author":[{"embeddable":true,"href":"https:\/\/archive.sana.sy\/es\/index.php?rest_route=\/wp\/v2\/users\/32"}],"replies":[{"embeddable":true,"href":"https:\/\/archive.sana.sy\/es\/index.php?rest_route=%2Fwp%2Fv2%2Fcomments&post=102368"}],"version-history":[{"count":0,"href":"https:\/\/archive.sana.sy\/es\/index.php?rest_route=\/wp\/v2\/posts\/102368\/revisions"}],"wp:featuredmedia":[{"embeddable":true,"href":"https:\/\/archive.sana.sy\/es\/index.php?rest_route=\/wp\/v2\/media\/102369"}],"wp:attachment":[{"href":"https:\/\/archive.sana.sy\/es\/index.php?rest_route=%2Fwp%2Fv2%2Fmedia&parent=102368"}],"wp:term":[{"taxonomy":"category","embeddable":true,"href":"https:\/\/archive.sana.sy\/es\/index.php?rest_route=%2Fwp%2Fv2%2Fcategories&post=102368"},{"taxonomy":"post_tag","embeddable":true,"href":"https:\/\/archive.sana.sy\/es\/index.php?rest_route=%2Fwp%2Fv2%2Ftags&post=102368"}],"curies":[{"name":"wp","href":"https:\/\/api.w.org\/{rel}","templated":true}]}}