{"id":102371,"date":"2019-03-14T10:48:48","date_gmt":"2019-03-14T08:48:48","guid":{"rendered":"https:\/\/sana.sy\/es\/?p=102371"},"modified":"2023-01-09T14:08:48","modified_gmt":"2023-01-09T12:08:48","slug":"syrian-arab-airlines-reanudara-sus-vuelos-entre-latakia-y-abu-dabi","status":"publish","type":"post","link":"https:\/\/archive.sana.sy\/es\/?p=102371","title":{"rendered":"Syrian Arab Airlines reanudar\u00e1 sus vuelos entre Latakia y Abu Dabi"},"content":{"rendered":"<p style=\"text-align: justify;\"><span style=\"color: #800000;\">Latakia, SANA<\/span><\/p>\n<p style=\"text-align: justify;\">La compa\u00f1\u00eda siria &#8220;Syrian Arab Airlines&#8221; anunci\u00f3 la reanudaci\u00f3n de los vuelos desde Abu Dabi a Latakia y viceversa, a partir del d\u00eda 26 de marzo.<\/p>\n<p style=\"text-align: justify;\">Fadi Khair Bek, jefe de la sucursal de Syrian Arab Airlines en Latakia, dijo que los vuelos ser\u00e1n regulares (cada martes) y cubrir\u00e1n la gran demanda de viajes de Emiratos \u00c1rabes Unidos a Siria, teniendo en cuenta la presencia de una gran comunidad siria en Emiratos \u00c1rabes Unidos.<\/p>\n<p style=\"text-align: justify;\">A\u00f1adi\u00f3 que esos vuelos se a\u00f1adir\u00e1n al vuelo semanal de la compa\u00f1\u00eda de Latakia a Sharjah todos los viernes.<\/p>\n<p style=\"text-align: justify;\">&#8220;Se han intensificado los vuelos al aeropuerto Al-Basel en Latakia por su proximidad a las provincias de Alepo, Hama, Tartous y Homs&#8221;, explic\u00f3.<\/p>\n<p style=\"text-align: justify;\">Tambi\u00e9n, explic\u00f3 que los vuelos a Abu Dabi lograr\u00e1n ingresos adicionales para la Compa\u00f1\u00eda, y adem\u00e1s ahorran tiempo y dinero para aquellos que ten\u00edan que viajar por el aeropuerto de Beirut<\/p>\n<p style=\"text-align: justify;\">Revel\u00f3 que Syrian Arab Airlines est\u00e1 estudiando actualmente reanudar los vuelos desde Latakia a El Cairo, Doha y Kuwait y viceversa, adem\u00e1s de efectuar un vuelo semanal a Mosc\u00fa a partir del inicio del verano.<\/p>\n<p style=\"text-align: justify;\"><span style=\"color: #0000ff;\">F. Marouf\/ E. Dubian<\/span><\/p>\n","protected":false},"excerpt":{"rendered":"<p>Latakia, SANA La compa\u00f1\u00eda siria &#8220;Syrian Arab Airlines&#8221; anunci\u00f3 la reanudaci\u00f3n de los vuelos desde Abu Dabi a Latakia y viceversa, a partir del d\u00eda 26 de marzo. Fadi Khair Bek, jefe de la sucursal de Syrian Arab Airlines en Latakia, dijo que los vuelos ser\u00e1n regulares (cada martes) y cubrir\u00e1n la gran demanda de &hellip;<\/p>\n","protected":false},"author":32,"featured_media":102372,"comment_status":"closed","ping_status":"closed","sticky":false,"template":"","format":"standard","meta":{"footnotes":""},"categories":[597,476,7541],"tags":[14683],"class_list":["post-102371","post","type-post","status-publish","format-standard","has-post-thumbnail","","category-cinta-de-noticias","category-locales","category-ultimas-noticias","tag-syrian-arab-airlines-reanudara-sus-vuelos-entre-latakia-y-abu-dabi"],"_links":{"self":[{"href":"https:\/\/archive.sana.sy\/es\/index.php?rest_route=\/wp\/v2\/posts\/102371"}],"collection":[{"href":"https:\/\/archive.sana.sy\/es\/index.php?rest_route=\/wp\/v2\/posts"}],"about":[{"href":"https:\/\/archive.sana.sy\/es\/index.php?rest_route=\/wp\/v2\/types\/post"}],"author":[{"embeddable":true,"href":"https:\/\/archive.sana.sy\/es\/index.php?rest_route=\/wp\/v2\/users\/32"}],"replies":[{"embeddable":true,"href":"https:\/\/archive.sana.sy\/es\/index.php?rest_route=%2Fwp%2Fv2%2Fcomments&post=102371"}],"version-history":[{"count":0,"href":"https:\/\/archive.sana.sy\/es\/index.php?rest_route=\/wp\/v2\/posts\/102371\/revisions"}],"wp:featuredmedia":[{"embeddable":true,"href":"https:\/\/archive.sana.sy\/es\/index.php?rest_route=\/wp\/v2\/media\/102372"}],"wp:attachment":[{"href":"https:\/\/archive.sana.sy\/es\/index.php?rest_route=%2Fwp%2Fv2%2Fmedia&parent=102371"}],"wp:term":[{"taxonomy":"category","embeddable":true,"href":"https:\/\/archive.sana.sy\/es\/index.php?rest_route=%2Fwp%2Fv2%2Fcategories&post=102371"},{"taxonomy":"post_tag","embeddable":true,"href":"https:\/\/archive.sana.sy\/es\/index.php?rest_route=%2Fwp%2Fv2%2Ftags&post=102371"}],"curies":[{"name":"wp","href":"https:\/\/api.w.org\/{rel}","templated":true}]}}