{"id":102374,"date":"2019-03-14T10:52:17","date_gmt":"2019-03-14T08:52:17","guid":{"rendered":"https:\/\/sana.sy\/es\/?p=102374"},"modified":"2019-03-14T11:02:46","modified_gmt":"2019-03-14T09:02:46","slug":"ejercito-halla-armas-israelies-en-escondite-abandonado-por-terroristas-en-deraa","status":"publish","type":"post","link":"https:\/\/archive.sana.sy\/es\/?p=102374","title":{"rendered":"Ej\u00e9rcito halla armas israel\u00edes en escondite abandonado por terroristas en Deraa"},"content":{"rendered":"<p style=\"text-align: justify;\"><span style=\"color: #800000;\">Deraa, SANA<\/span><\/p>\n<p style=\"text-align: justify;\">Las autoridades militares competentes contin\u00faan sus operaciones de peinado y desminado en las zonas liberadas del terrorismo en la provincia de Deraa en el sur del Pa\u00eds.<\/p>\n<p style=\"text-align: justify;\">Un comandante militar inform\u00f3 que durante esos operativos, los uniformados sirios hallaron un escondite abandonado por los terroristas y repleto de armas y municiones, en las localidades de Enkhel y al-Hara, en el campo norte de la provincia.<\/p>\n<p style=\"text-align: justify;\">El comandante indic\u00f3 que algunas de las armas y municiones halladas son de fabricaci\u00f3n israel\u00ed.<\/p>\n<p style=\"text-align: justify;\">No es la primera vez que el ej\u00e9rcito detecta armas israel\u00edes y de la OTAN en los cuarteles de los terroristas; el mes pasado, fueron halladas armas estadounidenses e israel\u00edes en escondites y sedes abandonadas por los terroristas en las zonas liberadas del terrorismo en los campos sudoeste de la provincia de Damasco-campo y norte de la provincia de Quneitra.<\/p>\n<p style=\"text-align: justify;\">De igual manera, las unidades del Ej\u00e9rcito sirio hallaron a finales del pasado mes a ocho toneladas de C-4, una sustancia altamente explosiva, en \u00e1reas de la provincia sure\u00f1a de Deraa.<\/p>\n<p style=\"text-align: justify;\">Deraa fue liberada del terrorismo por el ej\u00e9rcito sirio en el verano del a\u00f1o pasado.<\/p>\n<p style=\"text-align: justify;\"><span style=\"color: #0000ff;\">F. Marouf\/ E. Dubian<\/span><\/p>\n","protected":false},"excerpt":{"rendered":"<p>Deraa, SANA Las autoridades militares competentes contin\u00faan sus operaciones de peinado y desminado en las zonas liberadas del terrorismo en la provincia de Deraa en el sur del Pa\u00eds. Un comandante militar inform\u00f3 que durante esos operativos, los uniformados sirios hallaron un escondite abandonado por los terroristas y repleto de armas y municiones, en las &hellip;<\/p>\n","protected":false},"author":32,"featured_media":102377,"comment_status":"closed","ping_status":"closed","sticky":false,"template":"","format":"standard","meta":{"footnotes":""},"categories":[597,573,7541],"tags":[14684],"class_list":["post-102374","post","type-post","status-publish","format-standard","has-post-thumbnail","","category-cinta-de-noticias","category-la-realidad-de-los-acontecimientos-en-siria","category-ultimas-noticias","tag-ejercito-halla-armas-israelies-en-escondite-abandonado-por-terroristas-en-deraa"],"_links":{"self":[{"href":"https:\/\/archive.sana.sy\/es\/index.php?rest_route=\/wp\/v2\/posts\/102374"}],"collection":[{"href":"https:\/\/archive.sana.sy\/es\/index.php?rest_route=\/wp\/v2\/posts"}],"about":[{"href":"https:\/\/archive.sana.sy\/es\/index.php?rest_route=\/wp\/v2\/types\/post"}],"author":[{"embeddable":true,"href":"https:\/\/archive.sana.sy\/es\/index.php?rest_route=\/wp\/v2\/users\/32"}],"replies":[{"embeddable":true,"href":"https:\/\/archive.sana.sy\/es\/index.php?rest_route=%2Fwp%2Fv2%2Fcomments&post=102374"}],"version-history":[{"count":0,"href":"https:\/\/archive.sana.sy\/es\/index.php?rest_route=\/wp\/v2\/posts\/102374\/revisions"}],"wp:featuredmedia":[{"embeddable":true,"href":"https:\/\/archive.sana.sy\/es\/index.php?rest_route=\/wp\/v2\/media\/102377"}],"wp:attachment":[{"href":"https:\/\/archive.sana.sy\/es\/index.php?rest_route=%2Fwp%2Fv2%2Fmedia&parent=102374"}],"wp:term":[{"taxonomy":"category","embeddable":true,"href":"https:\/\/archive.sana.sy\/es\/index.php?rest_route=%2Fwp%2Fv2%2Fcategories&post=102374"},{"taxonomy":"post_tag","embeddable":true,"href":"https:\/\/archive.sana.sy\/es\/index.php?rest_route=%2Fwp%2Fv2%2Ftags&post=102374"}],"curies":[{"name":"wp","href":"https:\/\/api.w.org\/{rel}","templated":true}]}}