{"id":10238,"date":"2014-09-30T17:22:06","date_gmt":"2014-09-30T14:22:06","guid":{"rendered":"http:\/\/sanasyria.org\/es\/?p=10238"},"modified":"2014-10-01T16:56:53","modified_gmt":"2014-10-01T13:56:53","slug":"consejo-de-ministros-aprueba-un-conjunto-de-proyectos-de-leyes","status":"publish","type":"post","link":"https:\/\/archive.sana.sy\/es\/?p=10238","title":{"rendered":"Consejo de Ministros aprueba un conjunto de proyectos de leyes"},"content":{"rendered":"<p>Damasco, SANA<\/p>\n<p>En su sesi\u00f3n semanal celebrada este martes, el Consejo de Ministros aprob\u00f3 un conjunto de proyectos de leyes, entre los mismos figura un proyecto de ley que exonera a quienes no han pagado los impuestos debidos del a\u00f1o 2012 y de todos los a\u00f1os anteriores, de todas las multas si proceden a pagar los impuestos debidos en los referidos a\u00f1os ante del fin del a\u00f1o 2014.<\/p>\n<p>De igual manera, el gabinete aprob\u00f3 el proyecto de ley que regula y autoriza la labor de las guarder\u00edas\u2026<\/p>\n<p>En la sesi\u00f3n, el primer ministro Wael al-Halqui, ratific\u00f3 que el gobierno seguir\u00e1 garantizando todas las necesidades b\u00e1sicas del pueblo sirio, as\u00ed como seguir\u00e1 trabajando para desarrollar los sectores econ\u00f3micos y de fomento.<\/p>\n<p>Al-Halaki felicit\u00f3 a la clase obrera por el restab\u00f1ecimiento de la seguridad y estabilidad en la ciudad obrera de Adra.<\/p>\n<p>En este contexto, el ministro de Administraci\u00f3n Local, Omar Ghalawanyi, se\u00f1al\u00f3 que los equipos ya han comenzado las obras de rehabilitaci\u00f3n de la infraestructura de dicha ciudad para facilitar el retorno de sus residentes.<\/p>\n<p>El ministro Ghalawanyi hizo alusi\u00f3n a la mejora de la situaci\u00f3n del sector de agua potable gracias a las \u00faltimas medidas emprendidas por el gobierno.<br \/>\nLynn A., Fady M.<\/p>\n","protected":false},"excerpt":{"rendered":"<p>Damasco, SANA En su sesi\u00f3n semanal celebrada este martes, el Consejo de Ministros aprob\u00f3 un conjunto de proyectos de leyes, entre los mismos figura un proyecto de ley que exonera a quienes no han pagado los impuestos debidos del a\u00f1o 2012 y de todos los a\u00f1os anteriores, de todas las multas si proceden a pagar &hellip;<\/p>\n","protected":false},"author":24,"featured_media":10239,"comment_status":"closed","ping_status":"closed","sticky":false,"template":"","format":"standard","meta":{"footnotes":""},"categories":[477,476],"tags":[2267],"class_list":["post-10238","post","type-post","status-publish","format-standard","has-post-thumbnail","","category-noticias-edulcorantes","category-locales","tag-consejo-de-ministros-aprueba-un-conjunto-de-proyectos-de-leyes"],"_links":{"self":[{"href":"https:\/\/archive.sana.sy\/es\/index.php?rest_route=\/wp\/v2\/posts\/10238"}],"collection":[{"href":"https:\/\/archive.sana.sy\/es\/index.php?rest_route=\/wp\/v2\/posts"}],"about":[{"href":"https:\/\/archive.sana.sy\/es\/index.php?rest_route=\/wp\/v2\/types\/post"}],"author":[{"embeddable":true,"href":"https:\/\/archive.sana.sy\/es\/index.php?rest_route=\/wp\/v2\/users\/24"}],"replies":[{"embeddable":true,"href":"https:\/\/archive.sana.sy\/es\/index.php?rest_route=%2Fwp%2Fv2%2Fcomments&post=10238"}],"version-history":[{"count":0,"href":"https:\/\/archive.sana.sy\/es\/index.php?rest_route=\/wp\/v2\/posts\/10238\/revisions"}],"wp:featuredmedia":[{"embeddable":true,"href":"https:\/\/archive.sana.sy\/es\/index.php?rest_route=\/wp\/v2\/media\/10239"}],"wp:attachment":[{"href":"https:\/\/archive.sana.sy\/es\/index.php?rest_route=%2Fwp%2Fv2%2Fmedia&parent=10238"}],"wp:term":[{"taxonomy":"category","embeddable":true,"href":"https:\/\/archive.sana.sy\/es\/index.php?rest_route=%2Fwp%2Fv2%2Fcategories&post=10238"},{"taxonomy":"post_tag","embeddable":true,"href":"https:\/\/archive.sana.sy\/es\/index.php?rest_route=%2Fwp%2Fv2%2Ftags&post=10238"}],"curies":[{"name":"wp","href":"https:\/\/api.w.org\/{rel}","templated":true}]}}