{"id":102641,"date":"2019-03-18T19:48:15","date_gmt":"2019-03-18T17:48:15","guid":{"rendered":"https:\/\/sana.sy\/es\/?p=102641"},"modified":"2019-03-18T22:38:06","modified_gmt":"2019-03-18T20:38:06","slug":"cancilleria-siria-el-apoyo-de-washington-al-terrorismo-no-disuadira-siria-a-luchar-contra-el-terrorismo","status":"publish","type":"post","link":"https:\/\/archive.sana.sy\/es\/?p=102641","title":{"rendered":"Damasco condena apoyo de Washington a los grupos terroristas"},"content":{"rendered":"<p><span style=\"color: #800000;\">Damasco-SANA<\/span><\/p>\n<p style=\"text-align: justify;\">Siria conden\u00f3 en\u00e9rgicamente el apoyo de Estados Unidos a las organizaciones terroristas en Siria, y subray\u00f3 que \u201ceste apoyo no disuadir\u00e1 a Damasco de continuar la lucha contra el terrorismo y la ocupaci\u00f3n for\u00e1nea hasta la liberaci\u00f3n del \u00faltimo palmo del territorio nacional.<\/p>\n<p style=\"text-align: justify;\">\u201cEE.UU. mantiene su flagrante apoyo al terrorismo que azota a Siria, en una flagrante violaci\u00f3n de la carta de las Naciones Unidas y el Derecho Internacional, y tambi\u00e9n a las resoluciones y convenios internacionales concernientes\u201d, declar\u00f3 el portavoz del Ministerio de Exteriores y Emigrantes.<\/p>\n<p style=\"text-align: justify;\">Agreg\u00f3 que \u201cesa desesperada acci\u00f3n estadounidense confirma que Washington a\u00fan apuesta por el terrorismo para implementar sus agendas en Siria y la regi\u00f3n, y por lo tanto favorecer a los intereses del ocupante israel\u00ed\u201d.<\/p>\n<p style=\"text-align: justify;\">El vocero de la canciller\u00eda siria reiter\u00f3 la condena de Siria al apoyo de EE.UU. las organizaciones terroristas, especialmente a los llamados \u201ccascos blancos\u201d, brazo humanitario de los terroristas del Daesh y el Frente Al-Nousra.<\/p>\n<p style=\"text-align: justify;\">Por \u00faltimo, exhort\u00f3 a la administraci\u00f3n estadounidense a respetar las resoluciones de Consejo de Seguridad relativas a la lucha contra el terrorismo.<\/p>\n<p><span style=\"color: #0000ff;\">Y.K.\/ F. Marouf\u00a0<\/span><\/p>\n","protected":false},"excerpt":{"rendered":"<p>Damasco-SANA Siria conden\u00f3 en\u00e9rgicamente el apoyo de Estados Unidos a las organizaciones terroristas en Siria, y subray\u00f3 que \u201ceste apoyo no disuadir\u00e1 a Damasco de continuar la lucha contra el terrorismo y la ocupaci\u00f3n for\u00e1nea hasta la liberaci\u00f3n del \u00faltimo palmo del territorio nacional. \u201cEE.UU. mantiene su flagrante apoyo al terrorismo que azota a Siria, &hellip;<\/p>\n","protected":false},"author":1,"featured_media":102642,"comment_status":"closed","ping_status":"closed","sticky":false,"template":"","format":"standard","meta":{"footnotes":""},"categories":[597,476,7541],"tags":[14734],"class_list":["post-102641","post","type-post","status-publish","format-standard","has-post-thumbnail","","category-cinta-de-noticias","category-locales","category-ultimas-noticias","tag-damasco-condena-apoyo-de-washington-a-los-grupos-terroristas"],"_links":{"self":[{"href":"https:\/\/archive.sana.sy\/es\/index.php?rest_route=\/wp\/v2\/posts\/102641"}],"collection":[{"href":"https:\/\/archive.sana.sy\/es\/index.php?rest_route=\/wp\/v2\/posts"}],"about":[{"href":"https:\/\/archive.sana.sy\/es\/index.php?rest_route=\/wp\/v2\/types\/post"}],"author":[{"embeddable":true,"href":"https:\/\/archive.sana.sy\/es\/index.php?rest_route=\/wp\/v2\/users\/1"}],"replies":[{"embeddable":true,"href":"https:\/\/archive.sana.sy\/es\/index.php?rest_route=%2Fwp%2Fv2%2Fcomments&post=102641"}],"version-history":[{"count":0,"href":"https:\/\/archive.sana.sy\/es\/index.php?rest_route=\/wp\/v2\/posts\/102641\/revisions"}],"wp:featuredmedia":[{"embeddable":true,"href":"https:\/\/archive.sana.sy\/es\/index.php?rest_route=\/wp\/v2\/media\/102642"}],"wp:attachment":[{"href":"https:\/\/archive.sana.sy\/es\/index.php?rest_route=%2Fwp%2Fv2%2Fmedia&parent=102641"}],"wp:term":[{"taxonomy":"category","embeddable":true,"href":"https:\/\/archive.sana.sy\/es\/index.php?rest_route=%2Fwp%2Fv2%2Fcategories&post=102641"},{"taxonomy":"post_tag","embeddable":true,"href":"https:\/\/archive.sana.sy\/es\/index.php?rest_route=%2Fwp%2Fv2%2Ftags&post=102641"}],"curies":[{"name":"wp","href":"https:\/\/api.w.org\/{rel}","templated":true}]}}