{"id":102645,"date":"2019-03-18T21:14:06","date_gmt":"2019-03-18T19:14:06","guid":{"rendered":"https:\/\/sana.sy\/es\/?p=102645"},"modified":"2019-08-21T22:37:03","modified_gmt":"2019-08-21T19:37:03","slug":"al-assad-las-relaciones-entre-siria-irak-e-iran-son-%c2%a8fuertes","status":"publish","type":"post","link":"https:\/\/archive.sana.sy\/es\/?p=102645","title":{"rendered":"Presidente al-Assad se re\u00fane con los jefes de Estados Mayores de los Ej\u00e9rcitos de Ir\u00e1n e Irak"},"content":{"rendered":"<p style=\"text-align: justify;\"><span style=\"color: #800000;\">Damasco-SANA<\/span><\/p>\n<p style=\"text-align: justify;\">El presidente Bashar al-Assad, recibi\u00f3 a una delegaci\u00f3n militar conjunta iraqu\u00ed-iran\u00ed conformada por el general de divisi\u00f3n Mohamad Baqri, jefe del Estado Mayor de las Fuerzas Armadas de Ir\u00e1n y el teniente general Othman al-Ghanmi, jefe del Estado Mayor del Ej\u00e9rcito de Irak, y un n\u00famero de oficiales de alto rango de ambos pa\u00edses.<\/p>\n<p style=\"text-align: justify;\">La reuni\u00f3n cont\u00f3 con la presencia del teniente general Ali Abdallah Ayub, Ministro de Defensa y jefe del Estado Mayor del Ej\u00e9rcito y las Fuerzas Armadas sirias.<\/p>\n<p style=\"text-align: justify;\">Los reunidos pasaron revista a la evoluci\u00f3n de la situaci\u00f3n sobre el terreno en Siria y las v\u00edas de consolidar la coordinaci\u00f3n entre los tres pa\u00edses de manera que repercuta positivamente sobre las operaciones militares llevadas a cabo contra el terrorismo.<\/p>\n<p style=\"text-align: justify;\">El presidente al-Assad destac\u00f3 que las relaciones que unen a Siria con Irak e Ir\u00e1n son fuertes y se han vigorizado m\u00e1s durante el periodo de la guerra, especialmente cuando se mezcl\u00f3 la sangre de los soldados sirios, iran\u00edes e iraqu\u00edes en las batallas contra el terrorismo y sus mercenarios que son herramientas de los pa\u00edses que los apoyan.<\/p>\n<p style=\"text-align: justify;\">Por su parte, Baqri subray\u00f3 que la lucha contra el terrorismo y defender a Siria es como defender a Irak e Ir\u00e1n, ya que el terrorismo representa una amenaza para todos esos pa\u00edses y apunta contra la regi\u00f3n.<\/p>\n<p style=\"text-align: justify;\">\u201cLa amenaza del terrorismo obliga a los pueblos y estados de la regi\u00f3n a coordinar sus esfuerzos para combatir este flageo y afrontarlo\u201d, indic\u00f3.<\/p>\n<p style=\"text-align: justify;\">Al-Ghanmi a su vez, indic\u00f3 que \u201cIrak constituye un fondo de Siria y viceversa y las fronteras entre ambos pa\u00edses no ser\u00e1n un obst\u00e1culo ante la unidad de los dos pueblos sirio e iraqu\u00ed\u201d.<\/p>\n<p style=\"text-align: justify;\">Enfatiz\u00f3 que las fuerzas iraqu\u00edes prosiguen la lucha contra el terrorismo en la frontera sirio-iraqu\u00ed y continuar\u00e1n la coordinaci\u00f3n con las fuerzas armadas sirias estacionadas en la frontera de ambos pa\u00edses.<\/p>\n<p style=\"text-align: justify;\">El presidente Al-Assad escuch\u00f3 de Baqri, Al-Ghanmi y Ayub sobre los resultados de las reuniones que sostuvieron y sobre las decisiones que fueron tomadas durante las mismas.<\/p>\n<p style=\"text-align: justify;\">En este sentido, al-Assad destac\u00f3 la importancia de continuar la coordinaci\u00f3n y la cooperaci\u00f3n entre los tres pa\u00edses en pro de sus intereses y objetivos conjuntos.<\/p>\n<p style=\"text-align: justify;\"><span style=\"color: #0000ff;\">Y.K.\/ F. Marouf\u00a0<\/span><\/p>\n","protected":false},"excerpt":{"rendered":"<p>Damasco-SANA El presidente Bashar al-Assad, recibi\u00f3 a una delegaci\u00f3n militar conjunta iraqu\u00ed-iran\u00ed conformada por el general de divisi\u00f3n Mohamad Baqri, jefe del Estado Mayor de las Fuerzas Armadas de Ir\u00e1n y el teniente general Othman al-Ghanmi, jefe del Estado Mayor del Ej\u00e9rcito de Irak, y un n\u00famero de oficiales de alto rango de ambos pa\u00edses. &hellip;<\/p>\n","protected":false},"author":1,"featured_media":102646,"comment_status":"closed","ping_status":"closed","sticky":false,"template":"","format":"standard","meta":{"footnotes":""},"categories":[597,16237,583,626],"tags":[14733],"class_list":["post-102645","post","type-post","status-publish","format-standard","has-post-thumbnail","","category-cinta-de-noticias","category-presidence-de-la-republique-arabe-syria","category-slide","category-sr-presidente","tag-presidente-al-assad-se-reune-con-los-jefes-de-estados-mayores-de-los-ejercitos-de-iran-e-irak"],"_links":{"self":[{"href":"https:\/\/archive.sana.sy\/es\/index.php?rest_route=\/wp\/v2\/posts\/102645"}],"collection":[{"href":"https:\/\/archive.sana.sy\/es\/index.php?rest_route=\/wp\/v2\/posts"}],"about":[{"href":"https:\/\/archive.sana.sy\/es\/index.php?rest_route=\/wp\/v2\/types\/post"}],"author":[{"embeddable":true,"href":"https:\/\/archive.sana.sy\/es\/index.php?rest_route=\/wp\/v2\/users\/1"}],"replies":[{"embeddable":true,"href":"https:\/\/archive.sana.sy\/es\/index.php?rest_route=%2Fwp%2Fv2%2Fcomments&post=102645"}],"version-history":[{"count":0,"href":"https:\/\/archive.sana.sy\/es\/index.php?rest_route=\/wp\/v2\/posts\/102645\/revisions"}],"wp:featuredmedia":[{"embeddable":true,"href":"https:\/\/archive.sana.sy\/es\/index.php?rest_route=\/wp\/v2\/media\/102646"}],"wp:attachment":[{"href":"https:\/\/archive.sana.sy\/es\/index.php?rest_route=%2Fwp%2Fv2%2Fmedia&parent=102645"}],"wp:term":[{"taxonomy":"category","embeddable":true,"href":"https:\/\/archive.sana.sy\/es\/index.php?rest_route=%2Fwp%2Fv2%2Fcategories&post=102645"},{"taxonomy":"post_tag","embeddable":true,"href":"https:\/\/archive.sana.sy\/es\/index.php?rest_route=%2Fwp%2Fv2%2Ftags&post=102645"}],"curies":[{"name":"wp","href":"https:\/\/api.w.org\/{rel}","templated":true}]}}