{"id":102649,"date":"2019-03-18T21:44:51","date_gmt":"2019-03-18T19:44:51","guid":{"rendered":"https:\/\/sana.sy\/es\/?p=102649"},"modified":"2019-03-18T21:59:25","modified_gmt":"2019-03-18T19:59:25","slug":"comisiones-sirio-rusa-washington-no-se-preocupa-por-la-situacion-catastrofica-de-los-desplazados-en-el-campamento-de-rukban","status":"publish","type":"post","link":"https:\/\/archive.sana.sy\/es\/?p=102649","title":{"rendered":"Comisiones sirio-rusa: Washington no se preocupa por la situaci\u00f3n catastr\u00f3fica de los desplazados en el campamento de Rukban"},"content":{"rendered":"<p><span style=\"color: #800000;\">Mosc\u00fa-SANA<\/span><\/p>\n<p style=\"text-align: justify;\">Las dos comisiones siria y rusa sobre el retorno de los desplazados sirios, reiteraron que \u00a8los EE.UU. continua obstaculizando los esfuerzos de Siria y Rusia que est\u00e1n encaminados a devolver la vida normal a los habitantes del campamento de Rukban as\u00ed como insiste en ejercer presi\u00f3n pol\u00edtica y medi\u00e1tica contra todos aquellos que muestran disposici\u00f3n a participar en la reconstrucci\u00f3n de Siria.<\/p>\n<p style=\"text-align: justify;\">Ambas comisiones dijeron en un comunicado que \u00a8despu\u00e9s de cinco a\u00f1os de sufrimiento de los desplazados sirios, quienes son detenidos a la fuerza por los grupos armados patrocinados por los EE.UU. dentro del campamento de Rukban, en la regi\u00f3n de Tanaf, se ha demostrado que Washington no le preocupa el sufrimiento de los residentes del campamento ni la situaci\u00f3n catastr\u00f3fica en la que se encuentran\u00a8.<\/p>\n<p style=\"text-align: justify;\">\u00a8Los resultados de la conferencia de Bruselas reafirma nuevamente la falta de preocupaci\u00f3n de los EE.UU. y la E.U. por el retorno de los desplazados sirios de Europa a su lugar de origen\u00a8, se\u00f1al\u00f3 la nota.<\/p>\n<p style=\"text-align: justify;\">\u00a8Los reunidos en Bruselas han tomado la decisi\u00f3n de no proporcionar ayudas financieras a Damasco, sin tener en cuenta la mejora de la situaci\u00f3n en Siria y las medidas tomadas por el gobierno sirio para recuperar la econom\u00eda del pa\u00eds\u00a8, agreg\u00f3.<\/p>\n<p style=\"text-align: justify;\">Y.K.<\/p>\n","protected":false},"excerpt":{"rendered":"<p>Mosc\u00fa-SANA Las dos comisiones siria y rusa sobre el retorno de los desplazados sirios, reiteraron que \u00a8los EE.UU. continua obstaculizando los esfuerzos de Siria y Rusia que est\u00e1n encaminados a devolver la vida normal a los habitantes del campamento de Rukban as\u00ed como insiste en ejercer presi\u00f3n pol\u00edtica y medi\u00e1tica contra todos aquellos que muestran &hellip;<\/p>\n","protected":false},"author":1,"featured_media":102650,"comment_status":"closed","ping_status":"closed","sticky":false,"template":"","format":"standard","meta":{"footnotes":""},"categories":[597,467,7541],"tags":[],"class_list":["post-102649","post","type-post","status-publish","format-standard","has-post-thumbnail","","category-cinta-de-noticias","category-siria-y-el-mundo","category-ultimas-noticias"],"_links":{"self":[{"href":"https:\/\/archive.sana.sy\/es\/index.php?rest_route=\/wp\/v2\/posts\/102649"}],"collection":[{"href":"https:\/\/archive.sana.sy\/es\/index.php?rest_route=\/wp\/v2\/posts"}],"about":[{"href":"https:\/\/archive.sana.sy\/es\/index.php?rest_route=\/wp\/v2\/types\/post"}],"author":[{"embeddable":true,"href":"https:\/\/archive.sana.sy\/es\/index.php?rest_route=\/wp\/v2\/users\/1"}],"replies":[{"embeddable":true,"href":"https:\/\/archive.sana.sy\/es\/index.php?rest_route=%2Fwp%2Fv2%2Fcomments&post=102649"}],"version-history":[{"count":0,"href":"https:\/\/archive.sana.sy\/es\/index.php?rest_route=\/wp\/v2\/posts\/102649\/revisions"}],"wp:featuredmedia":[{"embeddable":true,"href":"https:\/\/archive.sana.sy\/es\/index.php?rest_route=\/wp\/v2\/media\/102650"}],"wp:attachment":[{"href":"https:\/\/archive.sana.sy\/es\/index.php?rest_route=%2Fwp%2Fv2%2Fmedia&parent=102649"}],"wp:term":[{"taxonomy":"category","embeddable":true,"href":"https:\/\/archive.sana.sy\/es\/index.php?rest_route=%2Fwp%2Fv2%2Fcategories&post=102649"},{"taxonomy":"post_tag","embeddable":true,"href":"https:\/\/archive.sana.sy\/es\/index.php?rest_route=%2Fwp%2Fv2%2Ftags&post=102649"}],"curies":[{"name":"wp","href":"https:\/\/api.w.org\/{rel}","templated":true}]}}