{"id":102903,"date":"2019-03-22T10:06:18","date_gmt":"2019-03-22T08:06:18","guid":{"rendered":"https:\/\/sana.sy\/es\/?p=102903"},"modified":"2019-03-22T11:25:17","modified_gmt":"2019-03-22T09:25:17","slug":"siria-lamenta-el-incidente-del-hundimiento-del-ferry-y-expresa-sus-condolencias-a-irak","status":"publish","type":"post","link":"https:\/\/archive.sana.sy\/es\/?p=102903","title":{"rendered":"Siria lamenta el incidente del hundimiento del ferry y expresa sus condolencias a Irak"},"content":{"rendered":"<p><span style=\"color: #800000;\">Damasco, SANA<\/span><\/p>\n<p style=\"text-align: justify;\">Siria expres\u00f3 su profundo pesar por el incidente del hundimiento del ferry en el r\u00edo Tigris, que se cobr\u00f3 la vida de un gran n\u00famero de ciudadanos iraqu\u00edes inocentes.<\/p>\n<p style=\"text-align: justify;\">Una fuente oficial del Ministerio de Relaciones Exteriores y Emigrantes dijo en un comunicado a SANA hoy que la Rep\u00fablica \u00c1rabe Siria lamenta profundamente el incidente del hundimiento del ferry en el r\u00edo Tigris, que se cobr\u00f3 la vida de numerosos ciudadanos iraqu\u00edes inocentes.<\/p>\n<p style=\"text-align: justify;\">La fuente agreg\u00f3 que la Rep\u00fablica \u00c1rabe Siria, comparte con Irak su tristeza por este doloroso incidente, expresa sus sinceras condolencias a al gobierno y al pueblo iraqu\u00edes, y a las familias de las v\u00edctimas.<\/p>\n<p><span style=\"color: #0000ff;\">Dr. A. Shaban\/ R. Rashed\u00a0<\/span><\/p>\n","protected":false},"excerpt":{"rendered":"<p>Damasco, SANA Siria expres\u00f3 su profundo pesar por el incidente del hundimiento del ferry en el r\u00edo Tigris, que se cobr\u00f3 la vida de un gran n\u00famero de ciudadanos iraqu\u00edes inocentes. Una fuente oficial del Ministerio de Relaciones Exteriores y Emigrantes dijo en un comunicado a SANA hoy que la Rep\u00fablica \u00c1rabe Siria lamenta profundamente &hellip;<\/p>\n","protected":false},"author":31,"featured_media":102904,"comment_status":"closed","ping_status":"closed","sticky":false,"template":"","format":"standard","meta":{"footnotes":""},"categories":[597,476,7541],"tags":[14766],"class_list":["post-102903","post","type-post","status-publish","format-standard","has-post-thumbnail","","category-cinta-de-noticias","category-locales","category-ultimas-noticias","tag-siria-lamenta-el-incidente-del-hundimiento-del-ferry-y-expresa-sus-condolencias-a-irak"],"_links":{"self":[{"href":"https:\/\/archive.sana.sy\/es\/index.php?rest_route=\/wp\/v2\/posts\/102903"}],"collection":[{"href":"https:\/\/archive.sana.sy\/es\/index.php?rest_route=\/wp\/v2\/posts"}],"about":[{"href":"https:\/\/archive.sana.sy\/es\/index.php?rest_route=\/wp\/v2\/types\/post"}],"author":[{"embeddable":true,"href":"https:\/\/archive.sana.sy\/es\/index.php?rest_route=\/wp\/v2\/users\/31"}],"replies":[{"embeddable":true,"href":"https:\/\/archive.sana.sy\/es\/index.php?rest_route=%2Fwp%2Fv2%2Fcomments&post=102903"}],"version-history":[{"count":0,"href":"https:\/\/archive.sana.sy\/es\/index.php?rest_route=\/wp\/v2\/posts\/102903\/revisions"}],"wp:featuredmedia":[{"embeddable":true,"href":"https:\/\/archive.sana.sy\/es\/index.php?rest_route=\/wp\/v2\/media\/102904"}],"wp:attachment":[{"href":"https:\/\/archive.sana.sy\/es\/index.php?rest_route=%2Fwp%2Fv2%2Fmedia&parent=102903"}],"wp:term":[{"taxonomy":"category","embeddable":true,"href":"https:\/\/archive.sana.sy\/es\/index.php?rest_route=%2Fwp%2Fv2%2Fcategories&post=102903"},{"taxonomy":"post_tag","embeddable":true,"href":"https:\/\/archive.sana.sy\/es\/index.php?rest_route=%2Fwp%2Fv2%2Ftags&post=102903"}],"curies":[{"name":"wp","href":"https:\/\/api.w.org\/{rel}","templated":true}]}}