{"id":102916,"date":"2019-03-22T14:25:14","date_gmt":"2019-03-22T12:25:14","guid":{"rendered":"https:\/\/sana.sy\/es\/?p=102916"},"modified":"2019-03-22T14:25:14","modified_gmt":"2019-03-22T12:25:14","slug":"kremlin-las-declaraciones-de-trump-sobre-el-golan-sirio-ocupado-amenazan-la-estabilidad-del-medio-oriente","status":"publish","type":"post","link":"https:\/\/archive.sana.sy\/es\/?p=102916","title":{"rendered":"Kremlin: las declaraciones de Trump sobre el Gol\u00e1n sirio ocupado amenazan la estabilidad del Medio Oriente"},"content":{"rendered":"<p style=\"text-align: justify;\"><span style=\"color: #800000;\">Mosc\u00fa, SANA<\/span><\/p>\n<p style=\"text-align: justify;\">La Presidencia de Rusia confirm\u00f3 que las declaraciones del presidente estadounidense, Donald Trump, sobre el Gol\u00e1n sirio ocupado &#8220;arriesgan la estabilidad del Medio Oriente&#8221;.<\/p>\n<p style=\"text-align: justify;\">\u201cTales declaraciones pueden desestabilizar considerablemente la ya de por s\u00ed tensa situaci\u00f3n en el Medio Oriente\u201d afirm\u00f3 el portavoz de la Presidencia rusa, Dmitry Peskov, en declaraciones este viernes a la prensa.<\/p>\n<p style=\"text-align: justify;\">&#8220;La idea como tal no concuerda de ninguna manera con los objetivos del arreglo para el Medio Oriente, m\u00e1s bien al rev\u00e9s&#8221;, a\u00f1adi\u00f3 Peskov.<\/p>\n<p style=\"text-align: justify;\"><span style=\"color: #0000ff;\">R. Rashed\/ Riad Sh.<\/span><\/p>\n","protected":false},"excerpt":{"rendered":"<p>Mosc\u00fa, SANA La Presidencia de Rusia confirm\u00f3 que las declaraciones del presidente estadounidense, Donald Trump, sobre el Gol\u00e1n sirio ocupado &#8220;arriesgan la estabilidad del Medio Oriente&#8221;. \u201cTales declaraciones pueden desestabilizar considerablemente la ya de por s\u00ed tensa situaci\u00f3n en el Medio Oriente\u201d afirm\u00f3 el portavoz de la Presidencia rusa, Dmitry Peskov, en declaraciones este viernes &hellip;<\/p>\n","protected":false},"author":31,"featured_media":102917,"comment_status":"closed","ping_status":"closed","sticky":false,"template":"","format":"standard","meta":{"footnotes":""},"categories":[597,467],"tags":[14769],"class_list":["post-102916","post","type-post","status-publish","format-standard","has-post-thumbnail","","category-cinta-de-noticias","category-siria-y-el-mundo","tag-kremlin-las-declaraciones-de-trump-sobre-el-golan-sirio-ocupado-amenazan-la-estabilidad-del-medio-oriente"],"_links":{"self":[{"href":"https:\/\/archive.sana.sy\/es\/index.php?rest_route=\/wp\/v2\/posts\/102916"}],"collection":[{"href":"https:\/\/archive.sana.sy\/es\/index.php?rest_route=\/wp\/v2\/posts"}],"about":[{"href":"https:\/\/archive.sana.sy\/es\/index.php?rest_route=\/wp\/v2\/types\/post"}],"author":[{"embeddable":true,"href":"https:\/\/archive.sana.sy\/es\/index.php?rest_route=\/wp\/v2\/users\/31"}],"replies":[{"embeddable":true,"href":"https:\/\/archive.sana.sy\/es\/index.php?rest_route=%2Fwp%2Fv2%2Fcomments&post=102916"}],"version-history":[{"count":0,"href":"https:\/\/archive.sana.sy\/es\/index.php?rest_route=\/wp\/v2\/posts\/102916\/revisions"}],"wp:featuredmedia":[{"embeddable":true,"href":"https:\/\/archive.sana.sy\/es\/index.php?rest_route=\/wp\/v2\/media\/102917"}],"wp:attachment":[{"href":"https:\/\/archive.sana.sy\/es\/index.php?rest_route=%2Fwp%2Fv2%2Fmedia&parent=102916"}],"wp:term":[{"taxonomy":"category","embeddable":true,"href":"https:\/\/archive.sana.sy\/es\/index.php?rest_route=%2Fwp%2Fv2%2Fcategories&post=102916"},{"taxonomy":"post_tag","embeddable":true,"href":"https:\/\/archive.sana.sy\/es\/index.php?rest_route=%2Fwp%2Fv2%2Ftags&post=102916"}],"curies":[{"name":"wp","href":"https:\/\/api.w.org\/{rel}","templated":true}]}}