{"id":102930,"date":"2019-03-22T16:18:31","date_gmt":"2019-03-22T14:18:31","guid":{"rendered":"https:\/\/sana.sy\/es\/?p=102930"},"modified":"2019-03-23T10:16:49","modified_gmt":"2019-03-23T08:16:49","slug":"cancilleria-dirige-un-mensaje-a-la-onu-sobre-las-declaraciones-irresponsables-de-trump-sobre-el-golan-sirio-ocupado","status":"publish","type":"post","link":"https:\/\/archive.sana.sy\/es\/?p=102930","title":{"rendered":"Damasco protesta ante la ONU por las declaraciones irresponsables de Trump sobre el Gol\u00e1n ocupado"},"content":{"rendered":"<p><span style=\"color: #800000;\">Damasco, SANA<\/span><\/p>\n<p style=\"text-align: justify;\">Siria protest\u00f3 ante la ONU por las declaraciones del presidente estadounidense sobre el Gol\u00e1n sirio ocupado.<\/p>\n<p style=\"text-align: justify;\">El Ministerio de Exteriores y Expatriados envi\u00f3 dos mensajes con el mismo texto al Secretario General de la ONU y al presidente del Consejo de Seguridad en los cuales confirm\u00f3 la en\u00e9rgica condena del Gobierno sirio a las declaraciones del jefe de la administraci\u00f3n estadounidense sobre el estatus legal del Gol\u00e1n sirio ocupado.<\/p>\n<p style=\"text-align: justify;\">\u201cEl Gol\u00e1n sirio es considerado por la Asamblea General de la ONU y de acuerdo a la resoluci\u00f3n del Consejo de Seguridad No. 497 del a\u00f1o 1981 como \u201cterritorio ocupado\u201d y por lo tanto cualquier medida tomada por las autoridades de ocupaci\u00f3n es nula y carente de todo efecto jur\u00eddico\u201d, afirmaron las misivas.<\/p>\n<p style=\"text-align: justify;\">Asimismo, Canciller\u00eda siria indic\u00f3 que el Gol\u00e1n sirio es parte inseparable del territorio de la Rep\u00fablica \u00c1rabe Siria.<\/p>\n<p style=\"text-align: justify;\">\u201cLa recuperaci\u00f3n del Gol\u00e1n por todos los medios es un derecho eterno, inalienable y avalado las leyes internacionales y ello constituye una prioridad para la pol\u00edtica nacional siria\u201d, aclar\u00f3 el texto de las misivas.<\/p>\n<p style=\"text-align: justify;\">El Ministerio sirio exigi\u00f3 al Secretario General de la ONU que se pronuncie de forma oficial y clara, y reafirma la posici\u00f3n inamovible de la organizaci\u00f3n internacional hacia la ocupaci\u00f3n israel\u00ed del Gol\u00e1n \u00e1rabe sirio.<\/p>\n<p style=\"text-align: justify;\">Adem\u00e1s, inst\u00f3 al Consejo de Seguridad a tomar medidas pr\u00e1cticas que obliguen a \u201cIsrael\u201d a retirarse de todo el Gol\u00e1n ocupado hasta la l\u00ednea del 4 de junio de 1967, en cumplimento de las resoluciones 242, 338 y 497.<\/p>\n<p style=\"text-align: justify;\">\u201cLa prepotente e insensata administraci\u00f3n estadounidenses no tiene ning\u00fan derecho o potestad para decidir el destino del Gol\u00e1n \u00e1rabe sirio ocupado, y cualquier reconocimiento de la ocupaci\u00f3n ser\u00eda un acto ilegal y nulo\u201d, concluy\u00f3 Canciller\u00eda sus misivas.<\/p>\n<p><span style=\"color: #0000ff;\">F. Marouf\/ Riad Sh.\/ R. Rashed\u00a0<\/span><\/p>\n","protected":false},"excerpt":{"rendered":"<p>Damasco, SANA Siria protest\u00f3 ante la ONU por las declaraciones del presidente estadounidense sobre el Gol\u00e1n sirio ocupado. El Ministerio de Exteriores y Expatriados envi\u00f3 dos mensajes con el mismo texto al Secretario General de la ONU y al presidente del Consejo de Seguridad en los cuales confirm\u00f3 la en\u00e9rgica condena del Gobierno sirio a &hellip;<\/p>\n","protected":false},"author":31,"featured_media":102931,"comment_status":"closed","ping_status":"closed","sticky":false,"template":"","format":"standard","meta":{"footnotes":""},"categories":[597,476,7541],"tags":[14775],"class_list":["post-102930","post","type-post","status-publish","format-standard","has-post-thumbnail","","category-cinta-de-noticias","category-locales","category-ultimas-noticias","tag-damasco-protesta-ante-la-onu-por-las-declaraciones-irresponsables-de-trump-sobre-el-golan-ocupado"],"_links":{"self":[{"href":"https:\/\/archive.sana.sy\/es\/index.php?rest_route=\/wp\/v2\/posts\/102930"}],"collection":[{"href":"https:\/\/archive.sana.sy\/es\/index.php?rest_route=\/wp\/v2\/posts"}],"about":[{"href":"https:\/\/archive.sana.sy\/es\/index.php?rest_route=\/wp\/v2\/types\/post"}],"author":[{"embeddable":true,"href":"https:\/\/archive.sana.sy\/es\/index.php?rest_route=\/wp\/v2\/users\/31"}],"replies":[{"embeddable":true,"href":"https:\/\/archive.sana.sy\/es\/index.php?rest_route=%2Fwp%2Fv2%2Fcomments&post=102930"}],"version-history":[{"count":0,"href":"https:\/\/archive.sana.sy\/es\/index.php?rest_route=\/wp\/v2\/posts\/102930\/revisions"}],"wp:featuredmedia":[{"embeddable":true,"href":"https:\/\/archive.sana.sy\/es\/index.php?rest_route=\/wp\/v2\/media\/102931"}],"wp:attachment":[{"href":"https:\/\/archive.sana.sy\/es\/index.php?rest_route=%2Fwp%2Fv2%2Fmedia&parent=102930"}],"wp:term":[{"taxonomy":"category","embeddable":true,"href":"https:\/\/archive.sana.sy\/es\/index.php?rest_route=%2Fwp%2Fv2%2Fcategories&post=102930"},{"taxonomy":"post_tag","embeddable":true,"href":"https:\/\/archive.sana.sy\/es\/index.php?rest_route=%2Fwp%2Fv2%2Ftags&post=102930"}],"curies":[{"name":"wp","href":"https:\/\/api.w.org\/{rel}","templated":true}]}}