{"id":102999,"date":"2019-03-23T14:20:07","date_gmt":"2019-03-23T12:20:07","guid":{"rendered":"https:\/\/sana.sy\/es\/?p=102999"},"modified":"2019-03-23T21:21:46","modified_gmt":"2019-03-23T19:21:46","slug":"continuan-las-reacciones-de-repudio-a-las-declaraciones-de-trump","status":"publish","type":"post","link":"https:\/\/archive.sana.sy\/es\/?p=102999","title":{"rendered":"Contin\u00faan las reacciones de repudio a las declaraciones de Trump"},"content":{"rendered":"<p style=\"text-align: justify;\"><span style=\"color: #800000;\">Bagdad, Jerusal\u00e9n ocupada\/ SANA<\/span><\/p>\n<p style=\"text-align: justify;\">El Ministerio de Relaciones Exteriores iraqu\u00ed afirm\u00f3 el s\u00e1bado que las declaraciones del presidente de Estados Unidos, Donald Trump, sobre el Gol\u00e1n sirio ocupado, contradicen el derecho internacional.<\/p>\n<p style=\"text-align: justify;\">El portavoz del Ministerio, Ahmed al-Sahhaf, dijo en una declaraci\u00f3n citada por al-Sumaria News que las declaraciones de Trump &#8220;dan legitimidad a la ocupaci\u00f3n y contradicen el derecho internacional&#8221;.<\/p>\n<p style=\"text-align: justify;\">&#8220;Irak apoya las resoluciones de la \u00a0legalidad internacional emitidas por el Consejo de Seguridad Internacional que estipulan la finalizaci\u00f3n de la ocupaci\u00f3n&#8221; a\u00f1adi\u00f3, y destac\u00f3 que el paso del tiempo no legitima ninguna ocupaci\u00f3n.<\/p>\n<p style=\"text-align: justify;\"><span style=\"color: #0000ff;\">Ministerio de Relaciones Exteriores palestino: las declaraciones de Trump sobre el Gol\u00e1n ocupado violan la legalidad internacional<\/span><\/p>\n<p style=\"text-align: justify;\">En el mismo contexto, el Ministerio de Relaciones Exteriores palestino afirm\u00f3 que el Gol\u00e1n es un territorio sirio ocupado por &#8220;Israel&#8221; desde 1967, lo que indica que las resoluciones de Trump sobre el Gol\u00e1n son una violaci\u00f3n flagrante del derecho internacional.<\/p>\n<p style=\"text-align: justify;\">En una declaraci\u00f3n citada por la Agencia de Noticias Wafa, el Ministerio de Relaciones Exteriores de Palestina agreg\u00f3 que esas declaraciones representan el enfoque de ocupaci\u00f3n y arrogancia adoptado por Estados Unidos e \u201cIsrael\u201d y un intento de la administraci\u00f3n de Trump para cambiar el orden mundial y dominarlo.<\/p>\n<p style=\"text-align: justify;\">El Ministerio hizo un llamado a la comunidad internacional, particularmente a los estados que afirman que est\u00e1n interesados \u200b\u200ben la seguridad y la estabilidad de la regi\u00f3n para unificar sus esfuerzos y enfrentar el sesgo total de Estados Unidos para con la ocupaci\u00f3n israel\u00ed y sus pol\u00edticas.<\/p>\n<p style=\"text-align: justify;\"><span style=\"color: #0000ff;\">La Liga Siria de la ONU: no tiene precedentes en su estupidez<\/span><\/p>\n<p style=\"text-align: justify;\">La Liga Siria de Naciones Unidas conden\u00f3 las declaraciones de Trump y llam\u00f3 al Consejo de Seguridad y a la Secretar\u00eda General de la ONU a adoptar una postura unida y firme para salvaguardar los principios de Naciones Unidas y las resoluciones internacionales.<\/p>\n<p style=\"text-align: justify;\">En un comunicado la Liga dijo que la declaraci\u00f3n del mandatario estadounidense echa por tierra un largo legado de esfuerzos por primar la ley internacional, y se\u00f1al\u00f3 que la declaraci\u00f3n de Trump \u201cno tiene precedentes en su estupidez habida cuenta que su pa\u00eds es anfitri\u00f3n de las instituciones de la ONU&#8230;\u201d.<\/p>\n<p style=\"text-align: justify;\"><span style=\"color: #0000ff;\">La Uni\u00f3n Parlamentaria \u00c1rabe: es una agresi\u00f3n flagrante a los derechos del pueblo sirio<\/span><\/p>\n<p style=\"text-align: justify;\">La Uni\u00f3n Parlamentaria \u00c1rabe conden\u00f3 fuertemente en un comunicado las declaraciones del presidente estadounidense Donald Trump sobre el Gol\u00e1n sirio ocupando y afirm\u00f3 que las mismas reflejan la mentalidad de hegemon\u00eda y prepotencia de la administraci\u00f3n norteamericana.<\/p>\n<p style=\"text-align: justify;\">\u201cLa Uni\u00f3n condena en los t\u00e9rminos m\u00e1s fuertes las \u00faltimas declaraciones de Trump que confirman la parcialidad sistem\u00e1tica de EE.UU. para con el ente de ocupaci\u00f3n israel\u00ed\u201d, agreg\u00f3.<\/p>\n<p style=\"text-align: justify;\"><span style=\"color: #0000ff;\">Ammar H.\/ Riad Sh.<\/span><\/p>\n","protected":false},"excerpt":{"rendered":"<p>Bagdad, Jerusal\u00e9n ocupada\/ SANA El Ministerio de Relaciones Exteriores iraqu\u00ed afirm\u00f3 el s\u00e1bado que las declaraciones del presidente de Estados Unidos, Donald Trump, sobre el Gol\u00e1n sirio ocupado, contradicen el derecho internacional. El portavoz del Ministerio, Ahmed al-Sahhaf, dijo en una declaraci\u00f3n citada por al-Sumaria News que las declaraciones de Trump &#8220;dan legitimidad a la &hellip;<\/p>\n","protected":false},"author":30,"featured_media":103000,"comment_status":"closed","ping_status":"closed","sticky":false,"template":"","format":"standard","meta":{"footnotes":""},"categories":[597,467,7541],"tags":[14786],"class_list":["post-102999","post","type-post","status-publish","format-standard","has-post-thumbnail","","category-cinta-de-noticias","category-siria-y-el-mundo","category-ultimas-noticias","tag-continuan-las-reacciones-de-repudio-a-las-declaraciones-de-trump"],"_links":{"self":[{"href":"https:\/\/archive.sana.sy\/es\/index.php?rest_route=\/wp\/v2\/posts\/102999"}],"collection":[{"href":"https:\/\/archive.sana.sy\/es\/index.php?rest_route=\/wp\/v2\/posts"}],"about":[{"href":"https:\/\/archive.sana.sy\/es\/index.php?rest_route=\/wp\/v2\/types\/post"}],"author":[{"embeddable":true,"href":"https:\/\/archive.sana.sy\/es\/index.php?rest_route=\/wp\/v2\/users\/30"}],"replies":[{"embeddable":true,"href":"https:\/\/archive.sana.sy\/es\/index.php?rest_route=%2Fwp%2Fv2%2Fcomments&post=102999"}],"version-history":[{"count":0,"href":"https:\/\/archive.sana.sy\/es\/index.php?rest_route=\/wp\/v2\/posts\/102999\/revisions"}],"wp:featuredmedia":[{"embeddable":true,"href":"https:\/\/archive.sana.sy\/es\/index.php?rest_route=\/wp\/v2\/media\/103000"}],"wp:attachment":[{"href":"https:\/\/archive.sana.sy\/es\/index.php?rest_route=%2Fwp%2Fv2%2Fmedia&parent=102999"}],"wp:term":[{"taxonomy":"category","embeddable":true,"href":"https:\/\/archive.sana.sy\/es\/index.php?rest_route=%2Fwp%2Fv2%2Fcategories&post=102999"},{"taxonomy":"post_tag","embeddable":true,"href":"https:\/\/archive.sana.sy\/es\/index.php?rest_route=%2Fwp%2Fv2%2Ftags&post=102999"}],"curies":[{"name":"wp","href":"https:\/\/api.w.org\/{rel}","templated":true}]}}