{"id":103045,"date":"2019-03-23T15:17:17","date_gmt":"2019-03-23T13:17:17","guid":{"rendered":"https:\/\/www.sana.sy\/es\/?p=103045"},"modified":"2019-03-24T10:38:38","modified_gmt":"2019-03-24T08:38:38","slug":"cuba-condena-el-reconocimiento-de-ee-uu-del-golan-sirio-ocupado-como-territorio-de-israel","status":"publish","type":"post","link":"https:\/\/archive.sana.sy\/es\/?p=103045","title":{"rendered":"En\u00e9rgica condena de Cuba a declaraciones de Trump sobre el Gol\u00e1n sirio ocupado"},"content":{"rendered":"<p style=\"text-align: justify;\"><span style=\"color: #800000;\">La Habana, SANA<\/span><\/p>\n<p style=\"text-align: justify;\">La Rep\u00fablica de Cuba conden\u00f3 en\u00e9rgicamente las declaraciones del presidente de Estados Unidos, Donald Trump, sobre el Gol\u00e1n sirio ocupado y afirm\u00f3 que las mismas constituyen una grave y flagrante violaci\u00f3n de la Carta de las Naciones Unidas, el Derecho Internacional y las resoluciones pertinentes del Consejo de Seguridad, en particular la resoluci\u00f3n 497 de 1981.<\/p>\n<p style=\"text-align: justify;\">En su cuenta en Twitter, el presidente cubano, Miguel D\u00edaz Canel, expres\u00f3 la en\u00e9rgica condena de su pa\u00eds a las declaraciones de Trump, y dijo que las mismas constituyen una grave violaci\u00f3n de la Carta de las Naciones Unidas y del Derecho Internacional.<\/p>\n<p style=\"text-align: justify;\">A su vez, el Ministerio de Relaciones Exteriores de la Rep\u00fablica de Cuba expres\u00f3 su m\u00e1s en\u00e9rgica condena a la intenci\u00f3n declarada por el gobierno de Estados Unidos de reconocer el Gol\u00e1n sirio ocupado como territorio de Israel.<\/p>\n<p style=\"text-align: justify;\">En una declaraci\u00f3n, Canciller\u00eda cubana afirm\u00f3 que esas declaraciones constituyen una grave y flagrante violaci\u00f3n de la Carta de las Naciones Unidas, del Derecho Internacional y de las resoluciones pertinentes del Consejo de Seguridad, en particular la resoluci\u00f3n 497 de 1981.<\/p>\n<p style=\"text-align: justify;\">&#8220;Esta nueva maniobra de Washington que vulnera los intereses leg\u00edtimos del pueblo sirio y de las naciones \u00e1rabes e isl\u00e1micas, tendr\u00e1 graves consecuencias para la estabilidad y la seguridad en el Medio Oriente e incrementar\u00e1 a\u00fan m\u00e1s las tensiones en esta vol\u00e1til regi\u00f3n&#8221; dice el texto del comunicado.<\/p>\n<p style=\"text-align: justify;\">Agreg\u00f3 que Cuba insta al Consejo de Seguridad a cumplir la responsabilidad que le concede la Carta de la ONU en el mantenimiento de la paz y la seguridad internacionales, y a adoptar las decisiones necesarias para frenar esta acci\u00f3n unilateral estadounidense al apoyar a Israel en sus intenciones de anexarse el territorio sirio ocupado de las Alturas del Gol\u00e1n.<\/p>\n<p style=\"text-align: justify;\">&#8220;La Rep\u00fablica de Cuba continuar\u00e1 respaldando la exigencia del Gobierno de Siria de recuperar los Altos del Gol\u00e1n, arrebatados por Israel en 1967 y reclama una vez m\u00e1s la retirada total e incondicional de Israel del Gol\u00e1n sirio y de todos los territorios \u00e1rabes ocupados&#8221; concluy\u00f3 la declaraci\u00f3n de la Canciller\u00eda Cubana.<\/p>\n<p style=\"text-align: justify;\"><span style=\"color: #0000ff;\">Riad Sh.\/ F. Marouf\u00a0\u00a0<\/span><\/p>\n","protected":false},"excerpt":{"rendered":"<p>La Habana, SANA La Rep\u00fablica de Cuba conden\u00f3 en\u00e9rgicamente las declaraciones del presidente de Estados Unidos, Donald Trump, sobre el Gol\u00e1n sirio ocupado y afirm\u00f3 que las mismas constituyen una grave y flagrante violaci\u00f3n de la Carta de las Naciones Unidas, el Derecho Internacional y las resoluciones pertinentes del Consejo de Seguridad, en particular la &hellip;<\/p>\n","protected":false},"author":31,"featured_media":103047,"comment_status":"closed","ping_status":"closed","sticky":false,"template":"","format":"standard","meta":{"footnotes":""},"categories":[597,467],"tags":[14795],"class_list":["post-103045","post","type-post","status-publish","format-standard","has-post-thumbnail","","category-cinta-de-noticias","category-siria-y-el-mundo","tag-energica-condena-de-cuba-a-declaraciones-de-trump-sobre-el-golan-sirio-ocupado"],"_links":{"self":[{"href":"https:\/\/archive.sana.sy\/es\/index.php?rest_route=\/wp\/v2\/posts\/103045"}],"collection":[{"href":"https:\/\/archive.sana.sy\/es\/index.php?rest_route=\/wp\/v2\/posts"}],"about":[{"href":"https:\/\/archive.sana.sy\/es\/index.php?rest_route=\/wp\/v2\/types\/post"}],"author":[{"embeddable":true,"href":"https:\/\/archive.sana.sy\/es\/index.php?rest_route=\/wp\/v2\/users\/31"}],"replies":[{"embeddable":true,"href":"https:\/\/archive.sana.sy\/es\/index.php?rest_route=%2Fwp%2Fv2%2Fcomments&post=103045"}],"version-history":[{"count":0,"href":"https:\/\/archive.sana.sy\/es\/index.php?rest_route=\/wp\/v2\/posts\/103045\/revisions"}],"wp:featuredmedia":[{"embeddable":true,"href":"https:\/\/archive.sana.sy\/es\/index.php?rest_route=\/wp\/v2\/media\/103047"}],"wp:attachment":[{"href":"https:\/\/archive.sana.sy\/es\/index.php?rest_route=%2Fwp%2Fv2%2Fmedia&parent=103045"}],"wp:term":[{"taxonomy":"category","embeddable":true,"href":"https:\/\/archive.sana.sy\/es\/index.php?rest_route=%2Fwp%2Fv2%2Fcategories&post=103045"},{"taxonomy":"post_tag","embeddable":true,"href":"https:\/\/archive.sana.sy\/es\/index.php?rest_route=%2Fwp%2Fv2%2Ftags&post=103045"}],"curies":[{"name":"wp","href":"https:\/\/api.w.org\/{rel}","templated":true}]}}