{"id":103806,"date":"2019-04-02T10:14:00","date_gmt":"2019-04-02T07:14:00","guid":{"rendered":"https:\/\/sana.sy\/es\/?p=103806"},"modified":"2023-01-10T15:15:53","modified_gmt":"2023-01-10T13:15:53","slug":"120-empresas-exportadoras-de-alimentos-participan-en-syria-food-2019","status":"publish","type":"post","link":"https:\/\/archive.sana.sy\/es\/?p=103806","title":{"rendered":"120 empresas exportadoras de alimentos participan en Syria Food- 2019"},"content":{"rendered":"<p style=\"text-align: justify\"><span style=\"color: #800000\">Damasco, SANA<\/span><\/p>\n<p style=\"text-align: justify\">Con la participaci\u00f3n de 120 empresas nacionales especializadas en la industria alimentaria, iniciar\u00e1 este mi\u00e9rcoles en el recinto ferial de Expo-Damasco, la feria de industrias de alimentos para exportaci\u00f3n (Syria Food &#8211; 2019).<\/p>\n<p style=\"text-align: justify\">Organizan el evento la C\u00e1mara de Industria de Damasco y la Uni\u00f3n de Exportadores Sirios, en cooperaci\u00f3n con la Federaci\u00f3n de C\u00e1maras de Industria, Comercio y Agricultura.<\/p>\n<p style=\"text-align: justify\">El jefe de la secci\u00f3n de alimentos en la C\u00e1mara de Industria de Damasco, Talal Qalahej, inform\u00f3 que la feria se organizar\u00e1 sobre un \u00e1rea de 10 mil metros cuadrados donde principales empresas exportadoras de alimentos exhiben sus productos.<\/p>\n<p style=\"text-align: justify\">Por su parte, el jefe del sector agr\u00edcola en la Uni\u00f3n de Exportadores, Iyad Mohammed Bin, dijo que 300 empresarios de pa\u00edses hermanos y amigos, y de pa\u00edses europeos fueron invitados a visitar la feria que durar\u00e1 cuatro d\u00edas.<\/p>\n<p style=\"text-align: justify\">&#8220;Los empresarios trabajar\u00e1n para alcanzar acuerdos y firmar contratos de exportaci\u00f3n con el fin de mantener la reputaci\u00f3n y calidad del producto sirio a pesar de las dificultades que enfrent\u00f3 durante la guerra contra Siria&#8221;, aclar\u00f3.<\/p>\n<p style=\"text-align: justify\">85 empresas especializadas en industria alimentaria participaron en la primera edici\u00f3n de la feria Syria Food que tuvo lugar del 10 al 15 de mayo del a\u00f1o pasado.<\/p>\n<p style=\"text-align: justify\"><span style=\"color: #0000ff\">F. Marouf\/ Dr. A. Shaban<\/span><\/p>\n","protected":false},"excerpt":{"rendered":"<p>Damasco, SANA Con la participaci\u00f3n de 120 empresas nacionales especializadas en la industria alimentaria, iniciar\u00e1 este mi\u00e9rcoles en el recinto ferial de Expo-Damasco, la feria de industrias de alimentos para exportaci\u00f3n (Syria Food &#8211; 2019). Organizan el evento la C\u00e1mara de Industria de Damasco y la Uni\u00f3n de Exportadores Sirios, en cooperaci\u00f3n con la Federaci\u00f3n &hellip;<\/p>\n","protected":false},"author":1,"featured_media":103807,"comment_status":"closed","ping_status":"closed","sticky":false,"template":"","format":"standard","meta":{"footnotes":""},"categories":[597,485,583],"tags":[14902],"class_list":["post-103806","post","type-post","status-publish","format-standard","has-post-thumbnail","","category-cinta-de-noticias","category-informes-negocios-y-finanzas","category-slide","tag-120-empresas-exportadoras-de-alimentos-participan-en-syria-food-2019"],"_links":{"self":[{"href":"https:\/\/archive.sana.sy\/es\/index.php?rest_route=\/wp\/v2\/posts\/103806"}],"collection":[{"href":"https:\/\/archive.sana.sy\/es\/index.php?rest_route=\/wp\/v2\/posts"}],"about":[{"href":"https:\/\/archive.sana.sy\/es\/index.php?rest_route=\/wp\/v2\/types\/post"}],"author":[{"embeddable":true,"href":"https:\/\/archive.sana.sy\/es\/index.php?rest_route=\/wp\/v2\/users\/1"}],"replies":[{"embeddable":true,"href":"https:\/\/archive.sana.sy\/es\/index.php?rest_route=%2Fwp%2Fv2%2Fcomments&post=103806"}],"version-history":[{"count":0,"href":"https:\/\/archive.sana.sy\/es\/index.php?rest_route=\/wp\/v2\/posts\/103806\/revisions"}],"wp:featuredmedia":[{"embeddable":true,"href":"https:\/\/archive.sana.sy\/es\/index.php?rest_route=\/wp\/v2\/media\/103807"}],"wp:attachment":[{"href":"https:\/\/archive.sana.sy\/es\/index.php?rest_route=%2Fwp%2Fv2%2Fmedia&parent=103806"}],"wp:term":[{"taxonomy":"category","embeddable":true,"href":"https:\/\/archive.sana.sy\/es\/index.php?rest_route=%2Fwp%2Fv2%2Fcategories&post=103806"},{"taxonomy":"post_tag","embeddable":true,"href":"https:\/\/archive.sana.sy\/es\/index.php?rest_route=%2Fwp%2Fv2%2Ftags&post=103806"}],"curies":[{"name":"wp","href":"https:\/\/api.w.org\/{rel}","templated":true}]}}