{"id":104012,"date":"2019-04-04T12:17:12","date_gmt":"2019-04-04T09:17:12","guid":{"rendered":"https:\/\/sana.sy\/es\/?p=104012"},"modified":"2019-04-04T12:17:12","modified_gmt":"2019-04-04T09:17:12","slug":"continuan-protestas-contra-decision-de-trump-sobre-el-golan-sirio-ocupado","status":"publish","type":"post","link":"https:\/\/archive.sana.sy\/es\/?p=104012","title":{"rendered":"Contin\u00faan protestas contra decisi\u00f3n de Trump sobre el Gol\u00e1n sirio ocupado"},"content":{"rendered":"<p style=\"text-align: justify;\"><span style=\"color: #800000;\">Deir Ezzor, SANA<\/span><\/p>\n<p style=\"text-align: justify;\">Los sirios en las diferentes provincias del pa\u00eds protagonizaron una nueva jornada de protestas contra la decisi\u00f3n del presidente de Estados Unidos, Donald Trump, de reconocer la soberan\u00eda sionista sobre el Gol\u00e1n sirio ocupado.<\/p>\n<p style=\"text-align: justify;\">Frente a la sede de la gobernaci\u00f3n de la provincia oriental de Deir Ezzor, miles de ciudadanos se concentraron para expresar su firme rechazo y en\u00e9rgica condena al reconocimiento estadounidense a la soberan\u00eda sionista en el Gol\u00e1n.<\/p>\n<p style=\"text-align: justify;\">De igual manera, en la ciudad de Douma en Ghouta Oriental fue escenario de una protesta de repudio a la decisi\u00f3n de Trump.<\/p>\n<p style=\"text-align: justify;\"><span style=\"color: #0000ff;\">F. Marouf\/ E. Dubian<\/span><\/p>\n","protected":false},"excerpt":{"rendered":"<p>Deir Ezzor, SANA Los sirios en las diferentes provincias del pa\u00eds protagonizaron una nueva jornada de protestas contra la decisi\u00f3n del presidente de Estados Unidos, Donald Trump, de reconocer la soberan\u00eda sionista sobre el Gol\u00e1n sirio ocupado. Frente a la sede de la gobernaci\u00f3n de la provincia oriental de Deir Ezzor, miles de ciudadanos se &hellip;<\/p>\n","protected":false},"author":32,"featured_media":104013,"comment_status":"closed","ping_status":"closed","sticky":false,"template":"","format":"standard","meta":{"footnotes":""},"categories":[597,476,7541],"tags":[14930],"class_list":["post-104012","post","type-post","status-publish","format-standard","has-post-thumbnail","","category-cinta-de-noticias","category-locales","category-ultimas-noticias","tag-continuan-protestas-contra-decision-de-trump-sobre-el-golan-sirio-ocupado"],"_links":{"self":[{"href":"https:\/\/archive.sana.sy\/es\/index.php?rest_route=\/wp\/v2\/posts\/104012"}],"collection":[{"href":"https:\/\/archive.sana.sy\/es\/index.php?rest_route=\/wp\/v2\/posts"}],"about":[{"href":"https:\/\/archive.sana.sy\/es\/index.php?rest_route=\/wp\/v2\/types\/post"}],"author":[{"embeddable":true,"href":"https:\/\/archive.sana.sy\/es\/index.php?rest_route=\/wp\/v2\/users\/32"}],"replies":[{"embeddable":true,"href":"https:\/\/archive.sana.sy\/es\/index.php?rest_route=%2Fwp%2Fv2%2Fcomments&post=104012"}],"version-history":[{"count":0,"href":"https:\/\/archive.sana.sy\/es\/index.php?rest_route=\/wp\/v2\/posts\/104012\/revisions"}],"wp:featuredmedia":[{"embeddable":true,"href":"https:\/\/archive.sana.sy\/es\/index.php?rest_route=\/wp\/v2\/media\/104013"}],"wp:attachment":[{"href":"https:\/\/archive.sana.sy\/es\/index.php?rest_route=%2Fwp%2Fv2%2Fmedia&parent=104012"}],"wp:term":[{"taxonomy":"category","embeddable":true,"href":"https:\/\/archive.sana.sy\/es\/index.php?rest_route=%2Fwp%2Fv2%2Fcategories&post=104012"},{"taxonomy":"post_tag","embeddable":true,"href":"https:\/\/archive.sana.sy\/es\/index.php?rest_route=%2Fwp%2Fv2%2Ftags&post=104012"}],"curies":[{"name":"wp","href":"https:\/\/api.w.org\/{rel}","templated":true}]}}