{"id":104028,"date":"2019-04-04T15:35:26","date_gmt":"2019-04-04T12:35:26","guid":{"rendered":"https:\/\/sana.sy\/es\/?p=104028"},"modified":"2019-08-21T22:30:51","modified_gmt":"2019-08-21T19:30:51","slug":"lo-que-sucede-en-venezuela-es-similar-a-siria-afirmo-el-presidente-al-assad-durante-su-reunion-con-el-canciller-venezolano","status":"publish","type":"post","link":"https:\/\/archive.sana.sy\/es\/?p=104028","title":{"rendered":"Lo que sucede en Venezuela es similar a Siria\u201d, afirm\u00f3 el presidente Al-Assad durante su reuni\u00f3n con el canciller venezolano"},"content":{"rendered":"<p style=\"text-align: justify;\"><span style=\"color: #800000;\">Damasco, SANA<\/span><\/p>\n<p style=\"text-align: justify;\">El presidente Bashar al-Assad, recibi\u00f3 hoy a Jorge Arreaza, ministro del Poder Popular para Relaciones Exteriores de Venezuela, y los miembros de la delegaci\u00f3n que lo acompa\u00f1a.<\/p>\n<p style=\"text-align: justify;\">El jefe de la diplomacia venezolana le explic\u00f3 al presidente al-Assad los \u00faltimos desarrollos de la situaci\u00f3n en Venezuela. En este sentido, al-Assad expres\u00f3 su confianza en la capacidad de Venezuela de superar la crisis actual que est\u00e1 enfrentando y de recuperar su estabilidad lo antes posible.<\/p>\n<p style=\"text-align: justify;\">El mandatario sirio afirm\u00f3 que la pol\u00edtica injerencista de algunos pa\u00edses occidentales, a su frente Estados Unidos, hacia lo que est\u00e1 sucediendo en Venezuela y la imposici\u00f3n de sanciones se ha convertido en un enfoque adoptado por estos pa\u00edses en contra de cualquiera que tome posiciones contrarias a sus pol\u00edticas.<\/p>\n<p style=\"text-align: justify;\">\u201cLo que est\u00e1 sucediendo en Venezuela es similar a Siria, y el objetivo es dominar y confiscar la decisi\u00f3n independiente de los Estados, y esto socava el derecho internacional y viola los principios m\u00e1s elementales de la Carta de las Naciones Unidas que estipulan el respeto a la soberan\u00eda de los Estados y el derecho de sus pueblos a la libre determinaci\u00f3n\u201d, dijo Al-Assad.<\/p>\n<p style=\"text-align: justify;\">Por su parte, Arreza agradeci\u00f3 al presidente al-Assad por su apoyo a Venezuela para salir de su crisis actual y destac\u00f3 que las herramientas y los pasos utilizados por los pa\u00edses hostiles a Venezuela son los mismos utilizados para provocar la guerra contra Siria.<\/p>\n<p style=\"text-align: justify;\">\u201cLo que est\u00e1 sucediendo en mi pa\u00eds es un eslab\u00f3n en una serie de intentos estadounidenses por controlar la decisi\u00f3n independiente y los recursos del pueblo venezolano\u201d, explic\u00f3.<\/p>\n<p style=\"text-align: justify;\">Destac\u00f3 que los pa\u00edses que han trabajado para incendiar situaci\u00f3n en Venezuela han subestimado las capacidades de los venezolanos, quienes demostraron que son capaces de resistir y defender a su pa\u00eds y mantener su seguridad y estabilidad ante todo lo planificado desde el exterior.<\/p>\n<p style=\"text-align: justify;\">La reuni\u00f3n abord\u00f3 las estrechas relaciones entre Siria y Venezuela, y la importancia de seguir fortaleci\u00e9ndolas al servicio de los intereses de los dos pueblos amigos.<\/p>\n<p style=\"text-align: justify;\"><span style=\"color: #0000ff;\">F. Marouf \/ Ammar H.<\/span><\/p>\n<div id='gallery-1' class='gallery galleryid-104028 gallery-columns-1 gallery-size-full'><figure class='gallery-item'>\n\t\t\t<div class='gallery-icon landscape'>\n\t\t\t\t<a href='https:\/\/archive.sana.sy\/es\/wp-content\/uploads\/2019\/04\/sana1.jpg'><img loading=\"lazy\" decoding=\"async\" width=\"660\" height=\"370\" src=\"https:\/\/archive.sana.sy\/es\/wp-content\/uploads\/2019\/04\/sana1.jpg\" class=\"attachment-full size-full\" alt=\"\" srcset=\"https:\/\/archive.sana.sy\/es\/wp-content\/uploads\/2019\/04\/sana1.jpg 660w, https:\/\/archive.sana.sy\/es\/wp-content\/uploads\/2019\/04\/sana1-150x84.jpg 150w, https:\/\/archive.sana.sy\/es\/wp-content\/uploads\/2019\/04\/sana1-300x168.jpg 300w\" sizes=\"(max-width: 660px) 100vw, 660px\" \/><\/a>\n\t\t\t<\/div><\/figure><figure class='gallery-item'>\n\t\t\t<div class='gallery-icon landscape'>\n\t\t\t\t<a href='https:\/\/archive.sana.sy\/es\/wp-content\/uploads\/2019\/04\/sana2.jpg'><img loading=\"lazy\" decoding=\"async\" width=\"660\" height=\"370\" src=\"https:\/\/archive.sana.sy\/es\/wp-content\/uploads\/2019\/04\/sana2.jpg\" class=\"attachment-full size-full\" alt=\"\" srcset=\"https:\/\/archive.sana.sy\/es\/wp-content\/uploads\/2019\/04\/sana2.jpg 660w, https:\/\/archive.sana.sy\/es\/wp-content\/uploads\/2019\/04\/sana2-150x84.jpg 150w, https:\/\/archive.sana.sy\/es\/wp-content\/uploads\/2019\/04\/sana2-300x168.jpg 300w\" sizes=\"(max-width: 660px) 100vw, 660px\" \/><\/a>\n\t\t\t<\/div><\/figure><figure class='gallery-item'>\n\t\t\t<div class='gallery-icon landscape'>\n\t\t\t\t<a href='https:\/\/archive.sana.sy\/es\/wp-content\/uploads\/2019\/04\/sana-660x330-1.jpg'><img loading=\"lazy\" decoding=\"async\" width=\"660\" height=\"330\" src=\"https:\/\/archive.sana.sy\/es\/wp-content\/uploads\/2019\/04\/sana-660x330-1.jpg\" class=\"attachment-full size-full\" alt=\"\" srcset=\"https:\/\/archive.sana.sy\/es\/wp-content\/uploads\/2019\/04\/sana-660x330-1.jpg 660w, https:\/\/archive.sana.sy\/es\/wp-content\/uploads\/2019\/04\/sana-660x330-1-150x75.jpg 150w, https:\/\/archive.sana.sy\/es\/wp-content\/uploads\/2019\/04\/sana-660x330-1-300x150.jpg 300w\" sizes=\"(max-width: 660px) 100vw, 660px\" \/><\/a>\n\t\t\t<\/div><\/figure><figure class='gallery-item'>\n\t\t\t<div class='gallery-icon landscape'>\n\t\t\t\t<a href='https:\/\/archive.sana.sy\/es\/wp-content\/uploads\/2019\/04\/8-19-1.jpg'><img loading=\"lazy\" decoding=\"async\" width=\"660\" height=\"432\" src=\"https:\/\/archive.sana.sy\/es\/wp-content\/uploads\/2019\/04\/8-19-1.jpg\" class=\"attachment-full size-full\" alt=\"\" srcset=\"https:\/\/archive.sana.sy\/es\/wp-content\/uploads\/2019\/04\/8-19-1.jpg 660w, https:\/\/archive.sana.sy\/es\/wp-content\/uploads\/2019\/04\/8-19-1-150x98.jpg 150w, https:\/\/archive.sana.sy\/es\/wp-content\/uploads\/2019\/04\/8-19-1-300x196.jpg 300w\" sizes=\"(max-width: 660px) 100vw, 660px\" \/><\/a>\n\t\t\t<\/div><\/figure>\n\t\t<\/div>\n\n","protected":false},"excerpt":{"rendered":"<p>Damasco, SANA El presidente Bashar al-Assad, recibi\u00f3 hoy a Jorge Arreaza, ministro del Poder Popular para Relaciones Exteriores de Venezuela, y los miembros de la delegaci\u00f3n que lo acompa\u00f1a. El jefe de la diplomacia venezolana le explic\u00f3 al presidente al-Assad los \u00faltimos desarrollos de la situaci\u00f3n en Venezuela. En este sentido, al-Assad expres\u00f3 su confianza &hellip;<\/p>\n","protected":false},"author":30,"featured_media":104029,"comment_status":"closed","ping_status":"closed","sticky":false,"template":"","format":"standard","meta":{"footnotes":""},"categories":[597,16237,467,583,626],"tags":[14934],"class_list":["post-104028","post","type-post","status-publish","format-standard","has-post-thumbnail","","category-cinta-de-noticias","category-presidence-de-la-republique-arabe-syria","category-siria-y-el-mundo","category-slide","category-sr-presidente","tag-lo-que-sucede-en-venezuela-es-similar-a-siria-afirmo-el-presidente-al-assad-durante-su-reunion-con-el-canciller-venezolano"],"_links":{"self":[{"href":"https:\/\/archive.sana.sy\/es\/index.php?rest_route=\/wp\/v2\/posts\/104028"}],"collection":[{"href":"https:\/\/archive.sana.sy\/es\/index.php?rest_route=\/wp\/v2\/posts"}],"about":[{"href":"https:\/\/archive.sana.sy\/es\/index.php?rest_route=\/wp\/v2\/types\/post"}],"author":[{"embeddable":true,"href":"https:\/\/archive.sana.sy\/es\/index.php?rest_route=\/wp\/v2\/users\/30"}],"replies":[{"embeddable":true,"href":"https:\/\/archive.sana.sy\/es\/index.php?rest_route=%2Fwp%2Fv2%2Fcomments&post=104028"}],"version-history":[{"count":0,"href":"https:\/\/archive.sana.sy\/es\/index.php?rest_route=\/wp\/v2\/posts\/104028\/revisions"}],"wp:featuredmedia":[{"embeddable":true,"href":"https:\/\/archive.sana.sy\/es\/index.php?rest_route=\/wp\/v2\/media\/104029"}],"wp:attachment":[{"href":"https:\/\/archive.sana.sy\/es\/index.php?rest_route=%2Fwp%2Fv2%2Fmedia&parent=104028"}],"wp:term":[{"taxonomy":"category","embeddable":true,"href":"https:\/\/archive.sana.sy\/es\/index.php?rest_route=%2Fwp%2Fv2%2Fcategories&post=104028"},{"taxonomy":"post_tag","embeddable":true,"href":"https:\/\/archive.sana.sy\/es\/index.php?rest_route=%2Fwp%2Fv2%2Ftags&post=104028"}],"curies":[{"name":"wp","href":"https:\/\/api.w.org\/{rel}","templated":true}]}}