{"id":104041,"date":"2019-04-04T18:47:58","date_gmt":"2019-04-04T15:47:58","guid":{"rendered":"https:\/\/sana.sy\/es\/?p=104041"},"modified":"2019-04-05T11:52:12","modified_gmt":"2019-04-05T08:52:12","slug":"fuente-mediatica-siria-no-tiene-idea-ninguna-sobre-los-restos-del-soldado-israeli","status":"publish","type":"post","link":"https:\/\/archive.sana.sy\/es\/?p=104041","title":{"rendered":"Ministro de Informaci\u00f3n: Siria no ten\u00eda conocimiento sobre los restos del soldado israel\u00ed, ni detalles de c\u00f3mo fueron encontrados"},"content":{"rendered":"<p style=\"text-align: justify\"><span style=\"color: #800000\">Damasco, SANA<\/span><\/p>\n<p style=\"text-align: justify\">El Ministro de Informaci\u00f3n, Imad Sarah, afirm\u00f3 que todos deben saber que Siria no ten\u00eda ni idea sobre el asunto de los restos del soldado israel\u00ed, ni\u00a0 detalles sobre c\u00f3mo fueron encontrados o entregados.<\/p>\n<p style=\"text-align: justify\">Sarah dijo en una conversaci\u00f3n telef\u00f3nica con la televisi\u00f3n siria el jueves que el estado sirio no sab\u00eda de los restos de ning\u00fan soldado israel\u00ed en cualquier parte de Siria, porque de lo contrario habr\u00eda actuado de acuerdo con sus intereses nacionales, como sol\u00eda hacer.<\/p>\n<p style=\"text-align: justify\">Sarah expres\u00f3 su convicci\u00f3n de que todo el proceso tuvo lugar entre \u201cIsrael\u201d y los grupos terroristas armados en el pa\u00eds, mientras que los detalles restantes formaban parte de los arreglos pr\u00e1cticos para este asunto, sobre los cuales el Estado sirio no ten\u00eda ni idea.<\/p>\n<p style=\"text-align: justify\">Horas antes, una fuente del Ministerio de Informaci\u00f3n dijo que Siria no ten\u00eda idea sobre los restos del soldado israel\u00ed y que lo ocurrido confirmaba nuevamente la colaboraci\u00f3n entre los grupos terroristas y el Mossad.<\/p>\n<p style=\"text-align: justify\"><span style=\"color: #0000ff\">Ammar H.\/ Riad Sh.<\/span><\/p>\n","protected":false},"excerpt":{"rendered":"<p>Damasco, SANA El Ministro de Informaci\u00f3n, Imad Sarah, afirm\u00f3 que todos deben saber que Siria no ten\u00eda ni idea sobre el asunto de los restos del soldado israel\u00ed, ni\u00a0 detalles sobre c\u00f3mo fueron encontrados o entregados. Sarah dijo en una conversaci\u00f3n telef\u00f3nica con la televisi\u00f3n siria el jueves que el estado sirio no sab\u00eda de &hellip;<\/p>\n","protected":false},"author":1,"featured_media":104068,"comment_status":"closed","ping_status":"closed","sticky":false,"template":"","format":"standard","meta":{"footnotes":""},"categories":[597,476,7541],"tags":[14936],"class_list":["post-104041","post","type-post","status-publish","format-standard","has-post-thumbnail","","category-cinta-de-noticias","category-locales","category-ultimas-noticias","tag-ministro-de-informacion-siria-no-tenia-conocimiento-sobre-los-restos-del-soldado-israeli-ni-detalles-de-como-fueron-encontrados"],"_links":{"self":[{"href":"https:\/\/archive.sana.sy\/es\/index.php?rest_route=\/wp\/v2\/posts\/104041"}],"collection":[{"href":"https:\/\/archive.sana.sy\/es\/index.php?rest_route=\/wp\/v2\/posts"}],"about":[{"href":"https:\/\/archive.sana.sy\/es\/index.php?rest_route=\/wp\/v2\/types\/post"}],"author":[{"embeddable":true,"href":"https:\/\/archive.sana.sy\/es\/index.php?rest_route=\/wp\/v2\/users\/1"}],"replies":[{"embeddable":true,"href":"https:\/\/archive.sana.sy\/es\/index.php?rest_route=%2Fwp%2Fv2%2Fcomments&post=104041"}],"version-history":[{"count":0,"href":"https:\/\/archive.sana.sy\/es\/index.php?rest_route=\/wp\/v2\/posts\/104041\/revisions"}],"wp:featuredmedia":[{"embeddable":true,"href":"https:\/\/archive.sana.sy\/es\/index.php?rest_route=\/wp\/v2\/media\/104068"}],"wp:attachment":[{"href":"https:\/\/archive.sana.sy\/es\/index.php?rest_route=%2Fwp%2Fv2%2Fmedia&parent=104041"}],"wp:term":[{"taxonomy":"category","embeddable":true,"href":"https:\/\/archive.sana.sy\/es\/index.php?rest_route=%2Fwp%2Fv2%2Fcategories&post=104041"},{"taxonomy":"post_tag","embeddable":true,"href":"https:\/\/archive.sana.sy\/es\/index.php?rest_route=%2Fwp%2Fv2%2Ftags&post=104041"}],"curies":[{"name":"wp","href":"https:\/\/api.w.org\/{rel}","templated":true}]}}