{"id":104044,"date":"2019-04-04T19:07:43","date_gmt":"2019-04-04T16:07:43","guid":{"rendered":"https:\/\/www.sana.sy\/es\/?p=104044"},"modified":"2019-04-04T21:48:36","modified_gmt":"2019-04-04T18:48:36","slug":"1500-presonas-llegan-al-corredor-de-jalighem-en-homs-desde-el-campamento-de-al-rukban","status":"publish","type":"post","link":"https:\/\/archive.sana.sy\/es\/?p=104044","title":{"rendered":"1500 personas llegan al corredor de Jalighem en Homs del campamento de al-Rukban"},"content":{"rendered":"<p style=\"text-align: justify\"><span style=\"color: #800000\">Homs, SANA<\/span><\/p>\n<p>Decenas de familias llegaron el jueves al corredor de Jalighem, en el Badieh sirio \u201cdesierto\u201d, procedente del campamento de Al-Rukban, donde las tropas de ocupaci\u00f3n estadounidenses y sus mercenarios terroristas retienen a miles de civiles all\u00ed.<\/p>\n<p>El reportero de SANA dijo que 1500 personas desplazadas, retenidas por las tropas de ocupaci\u00f3n estadounidenses y sus mercenarios terroristas en el campamento de al-Rukban, llegaron en la tarde de hoy al corredor de Jalighem en el \u201cdesierto\u201d sirio, ubicado al este de la zona de Zaza, en el campo oriental de la provincia central Homs, en preludio de ser trasladadas a los centros de alojamiento temporal en Homs, para luego transportarlas a sus respectivas zonas que fueron liberadas por el ej\u00e9rcito \u00e1rabe sirio del terrorismo.<\/p>\n<p>Seg\u00fan el corresponsal, la mayor\u00eda de los desplazados son mujeres y ni\u00f1os, hay adem\u00e1s, decenas de personas que requieren de atenci\u00f3n m\u00e9dica urgente debido a la catastr\u00f3fica condiciones humanitarias en que viv\u00edan estas familias en el campamento.<\/p>\n<p>A saber, que el campamento de Al-Rukban carece de las m\u00ednimas condiciones de salud como consecuencia del cerco impuesto por las tropas de ocupaci\u00f3n estadounidenses y sus mercenarios terroristas.<\/p>\n<p>En el campamento residen miles de sirios desplazados por el terrorismo y viven en condiciones humanitarias muy dif\u00edciles as\u00ed como carecen de atenci\u00f3n m\u00e9dica y de alimentos.<\/p>\n<p style=\"text-align: justify\"><span style=\"color: #0000ff\">Y.K.<\/span><\/p>\n","protected":false},"excerpt":{"rendered":"<p>Homs, SANA Decenas de familias llegaron el jueves al corredor de Jalighem, en el Badieh sirio \u201cdesierto\u201d, procedente del campamento de Al-Rukban, donde las tropas de ocupaci\u00f3n estadounidenses y sus mercenarios terroristas retienen a miles de civiles all\u00ed. El reportero de SANA dijo que 1500 personas desplazadas, retenidas por las tropas de ocupaci\u00f3n estadounidenses y &hellip;<\/p>\n","protected":false},"author":30,"featured_media":104045,"comment_status":"closed","ping_status":"closed","sticky":false,"template":"","format":"standard","meta":{"footnotes":""},"categories":[597,573,7541],"tags":[14935],"class_list":["post-104044","post","type-post","status-publish","format-standard","has-post-thumbnail","","category-cinta-de-noticias","category-la-realidad-de-los-acontecimientos-en-siria","category-ultimas-noticias","tag-1500-desplazados-logran-salir-del-campamento-rukban-a-las-zonas-bajo-control-gubernamental"],"_links":{"self":[{"href":"https:\/\/archive.sana.sy\/es\/index.php?rest_route=\/wp\/v2\/posts\/104044"}],"collection":[{"href":"https:\/\/archive.sana.sy\/es\/index.php?rest_route=\/wp\/v2\/posts"}],"about":[{"href":"https:\/\/archive.sana.sy\/es\/index.php?rest_route=\/wp\/v2\/types\/post"}],"author":[{"embeddable":true,"href":"https:\/\/archive.sana.sy\/es\/index.php?rest_route=\/wp\/v2\/users\/30"}],"replies":[{"embeddable":true,"href":"https:\/\/archive.sana.sy\/es\/index.php?rest_route=%2Fwp%2Fv2%2Fcomments&post=104044"}],"version-history":[{"count":0,"href":"https:\/\/archive.sana.sy\/es\/index.php?rest_route=\/wp\/v2\/posts\/104044\/revisions"}],"wp:featuredmedia":[{"embeddable":true,"href":"https:\/\/archive.sana.sy\/es\/index.php?rest_route=\/wp\/v2\/media\/104045"}],"wp:attachment":[{"href":"https:\/\/archive.sana.sy\/es\/index.php?rest_route=%2Fwp%2Fv2%2Fmedia&parent=104044"}],"wp:term":[{"taxonomy":"category","embeddable":true,"href":"https:\/\/archive.sana.sy\/es\/index.php?rest_route=%2Fwp%2Fv2%2Fcategories&post=104044"},{"taxonomy":"post_tag","embeddable":true,"href":"https:\/\/archive.sana.sy\/es\/index.php?rest_route=%2Fwp%2Fv2%2Ftags&post=104044"}],"curies":[{"name":"wp","href":"https:\/\/api.w.org\/{rel}","templated":true}]}}