{"id":104051,"date":"2019-04-04T21:21:04","date_gmt":"2019-04-04T18:21:04","guid":{"rendered":"https:\/\/sana.sy\/es\/?p=104051"},"modified":"2019-04-04T21:21:04","modified_gmt":"2019-04-04T18:21:04","slug":"muere-un-civil-en-nuevas-agresiones-terroristas-en-hama","status":"publish","type":"post","link":"https:\/\/archive.sana.sy\/es\/?p=104051","title":{"rendered":"Muere un civil en nuevas agresiones terroristas en Hama"},"content":{"rendered":"<p>Hama-SANA<\/p>\n<p>Un civil perdi\u00f3 la vida mientras que otros tres resultaron heridos como consecuencia de ataques terroristas con misiles contra la ciudad de Mhardeh, en la campi\u00f1a noroeste de la provincia de Hama.<\/p>\n<p>Seg\u00fan informaciones grupos terroristas atrincherados en algunas zonas del campo norte de Hama lanzaron s\u00edes misiles contra la ciudad de Mharedh en una nueva violaci\u00f3n del acuerdo sobre la zona de desescalada establecida en Idleb.<\/p>\n<p>Los ataques terroristas cobraron la vida de un civil y dejaron a tres con lesiones, adem\u00e1s de provocar da\u00f1os materiales enormes en las viviendas y propiedades, agregan.<\/p>\n<p>Las informaciones se\u00f1alaron que el ej\u00e9rcito sirio en respuesta a los ataques, destruy\u00f3 lanzamisiles y fortines de los terroristas as\u00ed como acab\u00f3 con un n\u00famero de ellos.<\/p>\n<p>Y.K.<\/p>\n","protected":false},"excerpt":{"rendered":"<p>Hama-SANA Un civil perdi\u00f3 la vida mientras que otros tres resultaron heridos como consecuencia de ataques terroristas con misiles contra la ciudad de Mhardeh, en la campi\u00f1a noroeste de la provincia de Hama. Seg\u00fan informaciones grupos terroristas atrincherados en algunas zonas del campo norte de Hama lanzaron s\u00edes misiles contra la ciudad de Mharedh en &hellip;<\/p>\n","protected":false},"author":1,"featured_media":104053,"comment_status":"closed","ping_status":"closed","sticky":false,"template":"","format":"standard","meta":{"footnotes":""},"categories":[573,7541],"tags":[],"class_list":["post-104051","post","type-post","status-publish","format-standard","has-post-thumbnail","","category-la-realidad-de-los-acontecimientos-en-siria","category-ultimas-noticias"],"_links":{"self":[{"href":"https:\/\/archive.sana.sy\/es\/index.php?rest_route=\/wp\/v2\/posts\/104051"}],"collection":[{"href":"https:\/\/archive.sana.sy\/es\/index.php?rest_route=\/wp\/v2\/posts"}],"about":[{"href":"https:\/\/archive.sana.sy\/es\/index.php?rest_route=\/wp\/v2\/types\/post"}],"author":[{"embeddable":true,"href":"https:\/\/archive.sana.sy\/es\/index.php?rest_route=\/wp\/v2\/users\/1"}],"replies":[{"embeddable":true,"href":"https:\/\/archive.sana.sy\/es\/index.php?rest_route=%2Fwp%2Fv2%2Fcomments&post=104051"}],"version-history":[{"count":0,"href":"https:\/\/archive.sana.sy\/es\/index.php?rest_route=\/wp\/v2\/posts\/104051\/revisions"}],"wp:featuredmedia":[{"embeddable":true,"href":"https:\/\/archive.sana.sy\/es\/index.php?rest_route=\/wp\/v2\/media\/104053"}],"wp:attachment":[{"href":"https:\/\/archive.sana.sy\/es\/index.php?rest_route=%2Fwp%2Fv2%2Fmedia&parent=104051"}],"wp:term":[{"taxonomy":"category","embeddable":true,"href":"https:\/\/archive.sana.sy\/es\/index.php?rest_route=%2Fwp%2Fv2%2Fcategories&post=104051"},{"taxonomy":"post_tag","embeddable":true,"href":"https:\/\/archive.sana.sy\/es\/index.php?rest_route=%2Fwp%2Fv2%2Ftags&post=104051"}],"curies":[{"name":"wp","href":"https:\/\/api.w.org\/{rel}","templated":true}]}}