{"id":104341,"date":"2019-04-09T16:41:15","date_gmt":"2019-04-09T13:41:15","guid":{"rendered":"https:\/\/sana.sy\/es\/?p=104341"},"modified":"2019-04-09T16:57:31","modified_gmt":"2019-04-09T13:57:31","slug":"sabbagh-grandes-esfuerzos-despliega-siria-en-trabajos-de-desminado","status":"publish","type":"post","link":"https:\/\/archive.sana.sy\/es\/?p=104341","title":{"rendered":"Sabbagh: grandes esfuerzos despliega Siria en trabajos de desminado"},"content":{"rendered":"<p style=\"text-align: justify\"><span style=\"color: #800000\">Zagreb, SANA<\/span><\/p>\n<p style=\"text-align: justify\">Con la participaci\u00f3n de la Rep\u00fablica \u00c1rabe Siria se inaugur\u00f3 en la ciudad croata de Dubrovnik el 16\u00ba Foro Internacional 2019 para Desactivaci\u00f3n de Minas.<\/p>\n<p style=\"text-align: justify\">El foro se celebra bajo el patrocinio del gobierno croata en asociaci\u00f3n con el gobierno h\u00fangaro. Su programa incluye varios ejes importantes en lo referente a las operaciones de desminado, uno de ellos son las experiencias mundiales en este campo, y los desaf\u00edos de la desactivaci\u00f3n de minas y las nuevas tecnolog\u00edas en este dominio, a\u00f1\u00e1dale las soluciones para el desminado de bosques y la crisis migratoria.<\/p>\n<p style=\"text-align: justify\">El delegado permanente de Siria ante la ONU y los organismos internacionales en Viena, el embajador Bassam al-Sabbagh afirm\u00f3 durante el foro la importancia de la participaci\u00f3n de Siria en las conferencias internacionales que abordan la desactivaci\u00f3n y eliminaci\u00f3n de minas a luz del gran peligro que suponen las much\u00edsimas minas abandonadas por las agrupaciones terroristas en varias regiones del pa\u00eds.<\/p>\n<p style=\"text-align: justify\">El embajador Sabbagh resalt\u00f3 los esfuerzos que despliega Siria sola en ese \u00e1mbito y subray\u00f3 la importancia de ayudar a Siria a deshacerse de ese colosal peligro que obstruye el regreso de los ciudadanos sirios a sus hogares para ejercer su vida normal.<\/p>\n<p style=\"text-align: justify\"><span style=\"color: #0000ff\">Riad Sh.\/ Ammar H.<\/span><\/p>\n","protected":false},"excerpt":{"rendered":"<p>Zagreb, SANA Con la participaci\u00f3n de la Rep\u00fablica \u00c1rabe Siria se inaugur\u00f3 en la ciudad croata de Dubrovnik el 16\u00ba Foro Internacional 2019 para Desactivaci\u00f3n de Minas. El foro se celebra bajo el patrocinio del gobierno croata en asociaci\u00f3n con el gobierno h\u00fangaro. Su programa incluye varios ejes importantes en lo referente a las operaciones &hellip;<\/p>\n","protected":false},"author":32,"featured_media":104342,"comment_status":"closed","ping_status":"closed","sticky":false,"template":"","format":"standard","meta":{"footnotes":""},"categories":[597,467,7541],"tags":[14987],"class_list":["post-104341","post","type-post","status-publish","format-standard","has-post-thumbnail","","category-cinta-de-noticias","category-siria-y-el-mundo","category-ultimas-noticias","tag-sabbagh-grandes-esfuerzos-despliega-siria-en-trabajos-de-desminado"],"_links":{"self":[{"href":"https:\/\/archive.sana.sy\/es\/index.php?rest_route=\/wp\/v2\/posts\/104341"}],"collection":[{"href":"https:\/\/archive.sana.sy\/es\/index.php?rest_route=\/wp\/v2\/posts"}],"about":[{"href":"https:\/\/archive.sana.sy\/es\/index.php?rest_route=\/wp\/v2\/types\/post"}],"author":[{"embeddable":true,"href":"https:\/\/archive.sana.sy\/es\/index.php?rest_route=\/wp\/v2\/users\/32"}],"replies":[{"embeddable":true,"href":"https:\/\/archive.sana.sy\/es\/index.php?rest_route=%2Fwp%2Fv2%2Fcomments&post=104341"}],"version-history":[{"count":0,"href":"https:\/\/archive.sana.sy\/es\/index.php?rest_route=\/wp\/v2\/posts\/104341\/revisions"}],"wp:featuredmedia":[{"embeddable":true,"href":"https:\/\/archive.sana.sy\/es\/index.php?rest_route=\/wp\/v2\/media\/104342"}],"wp:attachment":[{"href":"https:\/\/archive.sana.sy\/es\/index.php?rest_route=%2Fwp%2Fv2%2Fmedia&parent=104341"}],"wp:term":[{"taxonomy":"category","embeddable":true,"href":"https:\/\/archive.sana.sy\/es\/index.php?rest_route=%2Fwp%2Fv2%2Fcategories&post=104341"},{"taxonomy":"post_tag","embeddable":true,"href":"https:\/\/archive.sana.sy\/es\/index.php?rest_route=%2Fwp%2Fv2%2Ftags&post=104341"}],"curies":[{"name":"wp","href":"https:\/\/api.w.org\/{rel}","templated":true}]}}