{"id":104468,"date":"2019-04-11T10:54:18","date_gmt":"2019-04-11T07:54:18","guid":{"rendered":"https:\/\/sana.sy\/es\/?p=104468"},"modified":"2023-01-10T15:10:04","modified_gmt":"2023-01-10T13:10:04","slug":"90-empresas-sirias-y-extranjeras-participan-en-syria-health-2019","status":"publish","type":"post","link":"https:\/\/archive.sana.sy\/es\/?p=104468","title":{"rendered":"90 empresas sirias y extranjeras participan en &#8220;Syria-Health 2019&#8221;"},"content":{"rendered":"<p style=\"text-align: justify;\"><span style=\"color: #800000;\">Damasco, SANA<\/span><\/p>\n<p style=\"text-align: justify;\">Con la participaci\u00f3n de cerca de 90 empresas locales, \u00e1rabes y extranjeras especializadas en equipos m\u00e9dicos e industria farmac\u00e9utica, comenzaron las actividades de la Feria y Conferencia Internacional &#8220;Syria- Health 2019&#8221;.<\/p>\n<p style=\"text-align: justify;\">El recinto ferial de Expo-damasco acoge la Feria organizada por la compa\u00f1\u00eda internacional Expo-Cham para Ferias y Conferencias.<\/p>\n<p style=\"text-align: justify;\">El evento que durar\u00e1 hasta el d\u00eda 13 de este mes, arroja luz sobre el trabajo de los hospitales gubernamentales en Siria y los desaf\u00edos que enfrentan a consecuencia de la guerra terrorista y las medidas econ\u00f3micas coercitivas unilaterales.<\/p>\n<p style=\"text-align: justify;\">En declaraciones a la prensa, el Viceministro de Salud, Ahmad Khalifawi, dijo que la organizaci\u00f3n de tales ferias contribuye a reflejar el estado de recuperaci\u00f3n que presencia el sector de la salud en Siria.<\/p>\n<p style=\"text-align: justify;\">Revel\u00f3 que las empresas participantes representan a varios pa\u00edses, entre ellos Irak, Jordania, Emiratos \u00c1rabes Unidos, Egipto e Ir\u00e1n, as\u00ed como agentes de varias empresas extranjeras y sirias privadas.<\/p>\n<p style=\"text-align: justify;\"><span style=\"color: #0000ff;\">F. Marouf\/ E. Dubian<\/span><\/p>\n","protected":false},"excerpt":{"rendered":"<p>Damasco, SANA Con la participaci\u00f3n de cerca de 90 empresas locales, \u00e1rabes y extranjeras especializadas en equipos m\u00e9dicos e industria farmac\u00e9utica, comenzaron las actividades de la Feria y Conferencia Internacional &#8220;Syria- Health 2019&#8221;. El recinto ferial de Expo-damasco acoge la Feria organizada por la compa\u00f1\u00eda internacional Expo-Cham para Ferias y Conferencias. El evento que durar\u00e1 &hellip;<\/p>\n","protected":false},"author":32,"featured_media":104469,"comment_status":"closed","ping_status":"closed","sticky":false,"template":"","format":"standard","meta":{"footnotes":""},"categories":[597,485,7541],"tags":[14999],"class_list":["post-104468","post","type-post","status-publish","format-standard","has-post-thumbnail","","category-cinta-de-noticias","category-informes-negocios-y-finanzas","category-ultimas-noticias","tag-90-empresas-sirias-y-extranjeras-participan-en-syria-health-2019"],"_links":{"self":[{"href":"https:\/\/archive.sana.sy\/es\/index.php?rest_route=\/wp\/v2\/posts\/104468"}],"collection":[{"href":"https:\/\/archive.sana.sy\/es\/index.php?rest_route=\/wp\/v2\/posts"}],"about":[{"href":"https:\/\/archive.sana.sy\/es\/index.php?rest_route=\/wp\/v2\/types\/post"}],"author":[{"embeddable":true,"href":"https:\/\/archive.sana.sy\/es\/index.php?rest_route=\/wp\/v2\/users\/32"}],"replies":[{"embeddable":true,"href":"https:\/\/archive.sana.sy\/es\/index.php?rest_route=%2Fwp%2Fv2%2Fcomments&post=104468"}],"version-history":[{"count":0,"href":"https:\/\/archive.sana.sy\/es\/index.php?rest_route=\/wp\/v2\/posts\/104468\/revisions"}],"wp:featuredmedia":[{"embeddable":true,"href":"https:\/\/archive.sana.sy\/es\/index.php?rest_route=\/wp\/v2\/media\/104469"}],"wp:attachment":[{"href":"https:\/\/archive.sana.sy\/es\/index.php?rest_route=%2Fwp%2Fv2%2Fmedia&parent=104468"}],"wp:term":[{"taxonomy":"category","embeddable":true,"href":"https:\/\/archive.sana.sy\/es\/index.php?rest_route=%2Fwp%2Fv2%2Fcategories&post=104468"},{"taxonomy":"post_tag","embeddable":true,"href":"https:\/\/archive.sana.sy\/es\/index.php?rest_route=%2Fwp%2Fv2%2Ftags&post=104468"}],"curies":[{"name":"wp","href":"https:\/\/api.w.org\/{rel}","templated":true}]}}