{"id":104562,"date":"2019-04-13T11:40:22","date_gmt":"2019-04-13T08:40:22","guid":{"rendered":"https:\/\/sana.sy\/es\/?p=104562"},"modified":"2019-04-13T14:55:50","modified_gmt":"2019-04-13T11:55:50","slug":"la-peladilla-es-la-reina-de-las-fiestas-de-los-sirios-y-un-simbolo-de-alegria","status":"publish","type":"post","link":"https:\/\/archive.sana.sy\/es\/?p=104562","title":{"rendered":"La peladilla es la reina de las fiestas de los sirios y un s\u00edmbolo de alegr\u00eda"},"content":{"rendered":"<p style=\"text-align: justify;\"><span style=\"color: #800000;\">Damasco, SANA<\/span><\/p>\n<p style=\"text-align: justify;\">Al caminar por los antiguos callejones de Damasco, uno puede oler la deliciosa aroma de la almendra azucarada, con sus encantadores colores y bonitas formas.<\/p>\n<p style=\"text-align: justify;\">La almendra recubierta de az\u00facar es una confiter\u00eda siria bien arraigada que se remonta a m\u00e1s de 100 a\u00f1os y ha llegado a los mercados internacionales.<\/p>\n<p style=\"text-align: justify;\">Las almendras azucaradas acompa\u00f1an las festividades pues se sirven en las bodas, cumplea\u00f1os y otros eventos familiares.<\/p>\n<p style=\"text-align: justify;\">Las peladillas se producen en las antiguas f\u00e1bricas de Damasco que se establecieron hace unos cien a\u00f1os atr\u00e1s.<\/p>\n<p style=\"text-align: justify;\">&#8220;Heredamos esta tienda a mi padre, que la estableci\u00f3 en 1923&#8221;, dice uno de los due\u00f1os de tiendas que venden esta confiter\u00eda, Nizar al-Syoufi, indicando que las personas m\u00e1s famosas que trabajaron en esa industria fueron Tawfiq Qabbani, padre del c\u00e9lebre poeta sirio Nizar Qabbani.<\/p>\n<p style=\"text-align: justify;\">La manufactura de las almendras azucaradas pasa por varias etapas, ya que las almendras se cuecen con carb\u00f3n el primer d\u00eda, y al segundo d\u00eda se asan en grandes ollas que se mueven de forma circular funcionan con turbinas de gas.<br \/>\nTodos los materiales utilizados en la fabricaci\u00f3n de almendras recubiertas de az\u00facar, como las almendras y el az\u00facar, est\u00e1n disponibles en Siria, dijo al-Syoufi.<\/p>\n<p style=\"text-align: justify;\">Grandes cantidades de almendras recubiertas de az\u00facar se exportan a los mercados internacionales m\u00e1s importantes, seg\u00fan al-Syoufi, quien dice que esta industria depende de la simplicidad y precisi\u00f3n y la alta calidad en la producci\u00f3n.<\/p>\n<p style=\"text-align: justify;\">Hay dos tipos de almendras recubiertas de az\u00facar, el primer tipo est\u00e1 revestido con poca cantidad de az\u00facar y se llama en \u00e1rabe &#8220;al-Ghabra&#8221;, mientras que el segundo tipo est\u00e1 cubierto con mucha az\u00facar y es m\u00e1s duro y tiene diferentes colores.<\/p>\n<p style=\"text-align: justify;\">Cuando los expatriados visitan Siria, prefieren llevarse las almendras recubiertas de az\u00facar al extranjero ya que esta confiter\u00eda les recuerda su tierra natal, a\u00f1\u00e1dale que la peladilla siempre ha estado relacionada con las tradiciones de los sirios y sus celebraciones familiares.<\/p>\n<p style=\"text-align: justify;\"><span style=\"color: #0000ff;\">E. Dubian\/ Riad Sh.<\/span><\/p>\n<div id='gallery-1' class='gallery galleryid-104562 gallery-columns-1 gallery-size-full'><figure class='gallery-item'>\n\t\t\t<div class='gallery-icon landscape'>\n\t\t\t\t<a href='https:\/\/archive.sana.sy\/es\/wp-content\/uploads\/2019\/04\/2-13-1-2.jpg'><img loading=\"lazy\" decoding=\"async\" width=\"660\" height=\"370\" src=\"https:\/\/archive.sana.sy\/es\/wp-content\/uploads\/2019\/04\/2-13-1-2.jpg\" class=\"attachment-full size-full\" alt=\"\" srcset=\"https:\/\/archive.sana.sy\/es\/wp-content\/uploads\/2019\/04\/2-13-1-2.jpg 660w, https:\/\/archive.sana.sy\/es\/wp-content\/uploads\/2019\/04\/2-13-1-2-150x84.jpg 150w, https:\/\/archive.sana.sy\/es\/wp-content\/uploads\/2019\/04\/2-13-1-2-300x168.jpg 300w\" sizes=\"(max-width: 660px) 100vw, 660px\" \/><\/a>\n\t\t\t<\/div><\/figure><figure class='gallery-item'>\n\t\t\t<div class='gallery-icon landscape'>\n\t\t\t\t<a href='https:\/\/archive.sana.sy\/es\/wp-content\/uploads\/2019\/04\/2-1-1-3.jpg'><img loading=\"lazy\" decoding=\"async\" width=\"660\" height=\"370\" src=\"https:\/\/archive.sana.sy\/es\/wp-content\/uploads\/2019\/04\/2-1-1-3.jpg\" class=\"attachment-full size-full\" alt=\"\" srcset=\"https:\/\/archive.sana.sy\/es\/wp-content\/uploads\/2019\/04\/2-1-1-3.jpg 660w, https:\/\/archive.sana.sy\/es\/wp-content\/uploads\/2019\/04\/2-1-1-3-150x84.jpg 150w, https:\/\/archive.sana.sy\/es\/wp-content\/uploads\/2019\/04\/2-1-1-3-300x168.jpg 300w\" sizes=\"(max-width: 660px) 100vw, 660px\" \/><\/a>\n\t\t\t<\/div><\/figure><figure class='gallery-item'>\n\t\t\t<div class='gallery-icon landscape'>\n\t\t\t\t<a href='https:\/\/archive.sana.sy\/es\/wp-content\/uploads\/2019\/04\/2-2-1-2.jpg'><img loading=\"lazy\" decoding=\"async\" width=\"660\" height=\"370\" src=\"https:\/\/archive.sana.sy\/es\/wp-content\/uploads\/2019\/04\/2-2-1-2.jpg\" class=\"attachment-full size-full\" alt=\"\" srcset=\"https:\/\/archive.sana.sy\/es\/wp-content\/uploads\/2019\/04\/2-2-1-2.jpg 660w, https:\/\/archive.sana.sy\/es\/wp-content\/uploads\/2019\/04\/2-2-1-2-150x84.jpg 150w, https:\/\/archive.sana.sy\/es\/wp-content\/uploads\/2019\/04\/2-2-1-2-300x168.jpg 300w\" sizes=\"(max-width: 660px) 100vw, 660px\" \/><\/a>\n\t\t\t<\/div><\/figure><figure class='gallery-item'>\n\t\t\t<div class='gallery-icon landscape'>\n\t\t\t\t<a href='https:\/\/archive.sana.sy\/es\/wp-content\/uploads\/2019\/04\/2-4-1-3.jpg'><img loading=\"lazy\" decoding=\"async\" width=\"660\" height=\"330\" src=\"https:\/\/archive.sana.sy\/es\/wp-content\/uploads\/2019\/04\/2-4-1-3.jpg\" class=\"attachment-full size-full\" alt=\"\" srcset=\"https:\/\/archive.sana.sy\/es\/wp-content\/uploads\/2019\/04\/2-4-1-3.jpg 660w, https:\/\/archive.sana.sy\/es\/wp-content\/uploads\/2019\/04\/2-4-1-3-150x75.jpg 150w, https:\/\/archive.sana.sy\/es\/wp-content\/uploads\/2019\/04\/2-4-1-3-300x150.jpg 300w\" sizes=\"(max-width: 660px) 100vw, 660px\" \/><\/a>\n\t\t\t<\/div><\/figure><figure class='gallery-item'>\n\t\t\t<div class='gallery-icon landscape'>\n\t\t\t\t<a href='https:\/\/archive.sana.sy\/es\/wp-content\/uploads\/2019\/04\/2-6-1-3.jpg'><img loading=\"lazy\" decoding=\"async\" width=\"660\" height=\"370\" src=\"https:\/\/archive.sana.sy\/es\/wp-content\/uploads\/2019\/04\/2-6-1-3.jpg\" class=\"attachment-full size-full\" alt=\"\" srcset=\"https:\/\/archive.sana.sy\/es\/wp-content\/uploads\/2019\/04\/2-6-1-3.jpg 660w, https:\/\/archive.sana.sy\/es\/wp-content\/uploads\/2019\/04\/2-6-1-3-150x84.jpg 150w, https:\/\/archive.sana.sy\/es\/wp-content\/uploads\/2019\/04\/2-6-1-3-300x168.jpg 300w\" sizes=\"(max-width: 660px) 100vw, 660px\" \/><\/a>\n\t\t\t<\/div><\/figure><figure class='gallery-item'>\n\t\t\t<div class='gallery-icon landscape'>\n\t\t\t\t<a href='https:\/\/archive.sana.sy\/es\/wp-content\/uploads\/2019\/04\/2-7-1-3.jpg'><img loading=\"lazy\" decoding=\"async\" width=\"660\" height=\"370\" src=\"https:\/\/archive.sana.sy\/es\/wp-content\/uploads\/2019\/04\/2-7-1-3.jpg\" class=\"attachment-full size-full\" alt=\"\" srcset=\"https:\/\/archive.sana.sy\/es\/wp-content\/uploads\/2019\/04\/2-7-1-3.jpg 660w, https:\/\/archive.sana.sy\/es\/wp-content\/uploads\/2019\/04\/2-7-1-3-150x84.jpg 150w, https:\/\/archive.sana.sy\/es\/wp-content\/uploads\/2019\/04\/2-7-1-3-300x168.jpg 300w\" sizes=\"(max-width: 660px) 100vw, 660px\" \/><\/a>\n\t\t\t<\/div><\/figure><figure class='gallery-item'>\n\t\t\t<div class='gallery-icon landscape'>\n\t\t\t\t<a href='https:\/\/archive.sana.sy\/es\/wp-content\/uploads\/2019\/04\/2-13-1-4.jpg'><img loading=\"lazy\" decoding=\"async\" width=\"660\" height=\"370\" src=\"https:\/\/archive.sana.sy\/es\/wp-content\/uploads\/2019\/04\/2-13-1-4.jpg\" class=\"attachment-full size-full\" alt=\"\" srcset=\"https:\/\/archive.sana.sy\/es\/wp-content\/uploads\/2019\/04\/2-13-1-4.jpg 660w, https:\/\/archive.sana.sy\/es\/wp-content\/uploads\/2019\/04\/2-13-1-4-150x84.jpg 150w, https:\/\/archive.sana.sy\/es\/wp-content\/uploads\/2019\/04\/2-13-1-4-300x168.jpg 300w\" sizes=\"(max-width: 660px) 100vw, 660px\" \/><\/a>\n\t\t\t<\/div><\/figure>\n\t\t<\/div>\n\n<p>&nbsp;<\/p>\n<p>&nbsp;<\/p>\n","protected":false},"excerpt":{"rendered":"<p>Damasco, SANA Al caminar por los antiguos callejones de Damasco, uno puede oler la deliciosa aroma de la almendra azucarada, con sus encantadores colores y bonitas formas. La almendra recubierta de az\u00facar es una confiter\u00eda siria bien arraigada que se remonta a m\u00e1s de 100 a\u00f1os y ha llegado a los mercados internacionales. Las almendras &hellip;<\/p>\n","protected":false},"author":32,"featured_media":104563,"comment_status":"closed","ping_status":"closed","sticky":false,"template":"","format":"standard","meta":{"footnotes":""},"categories":[597,476,571,7541],"tags":[15015],"class_list":["post-104562","post","type-post","status-publish","format-standard","has-post-thumbnail","","category-cinta-de-noticias","category-locales","category-siria-en-fotos","category-ultimas-noticias","tag-la-peladilla-es-la-reina-de-las-fiestas-de-los-sirios-y-un-simbolo-de-alegria"],"_links":{"self":[{"href":"https:\/\/archive.sana.sy\/es\/index.php?rest_route=\/wp\/v2\/posts\/104562"}],"collection":[{"href":"https:\/\/archive.sana.sy\/es\/index.php?rest_route=\/wp\/v2\/posts"}],"about":[{"href":"https:\/\/archive.sana.sy\/es\/index.php?rest_route=\/wp\/v2\/types\/post"}],"author":[{"embeddable":true,"href":"https:\/\/archive.sana.sy\/es\/index.php?rest_route=\/wp\/v2\/users\/32"}],"replies":[{"embeddable":true,"href":"https:\/\/archive.sana.sy\/es\/index.php?rest_route=%2Fwp%2Fv2%2Fcomments&post=104562"}],"version-history":[{"count":0,"href":"https:\/\/archive.sana.sy\/es\/index.php?rest_route=\/wp\/v2\/posts\/104562\/revisions"}],"wp:featuredmedia":[{"embeddable":true,"href":"https:\/\/archive.sana.sy\/es\/index.php?rest_route=\/wp\/v2\/media\/104563"}],"wp:attachment":[{"href":"https:\/\/archive.sana.sy\/es\/index.php?rest_route=%2Fwp%2Fv2%2Fmedia&parent=104562"}],"wp:term":[{"taxonomy":"category","embeddable":true,"href":"https:\/\/archive.sana.sy\/es\/index.php?rest_route=%2Fwp%2Fv2%2Fcategories&post=104562"},{"taxonomy":"post_tag","embeddable":true,"href":"https:\/\/archive.sana.sy\/es\/index.php?rest_route=%2Fwp%2Fv2%2Ftags&post=104562"}],"curies":[{"name":"wp","href":"https:\/\/api.w.org\/{rel}","templated":true}]}}