{"id":104602,"date":"2019-04-13T22:56:20","date_gmt":"2019-04-13T19:56:20","guid":{"rendered":"https:\/\/sana.sy\/es\/?p=104602"},"modified":"2019-04-13T22:56:20","modified_gmt":"2019-04-13T19:56:20","slug":"la-colonia-siria-en-alemania-festeja-la-efemeride-de-la-independencia","status":"publish","type":"post","link":"https:\/\/archive.sana.sy\/es\/?p=104602","title":{"rendered":"La colonia siria en Alemania festeja la efem\u00e9ride de la Independencia"},"content":{"rendered":"<p><span style=\"color: #800000;\">Frankfurt, SANA<\/span><\/p>\n<p style=\"text-align: justify;\">La colectividad \u00e1rabe siria en Alemania y el Comit\u00e9 de Frankfurt para la Solidaridad con Siria organizaron una festividad de masas en la ciudad de Frankfurt por el nuevo aniversario del D\u00eda de la Independencia que data de 1946 cuando los colonialistas franceses se marcharon del territorio sirio.<\/p>\n<p style=\"text-align: justify;\">El Encargado de Negocios en la embajada de la Rep\u00fablica \u00c1rabe de Siria en Alemania, Dr. Bashar al-Asaad, afirm\u00f3 en un discurso en el acto que el Gol\u00e1n es sirio y permanecer\u00e1 siendo as\u00ed subrayando que la liberaci\u00f3n de las tierras sirias ocupadas sigue siendo una prioridad sagrada a pesar de la proclama del presidente estadounidense, Donald Trump, que considera el Gol\u00e1n sirio ocupado como parte del ente de la ocupaci\u00f3n israel\u00ed.<\/p>\n<p style=\"text-align: justify;\">Por su parte, los representantes de la colectividad siria en Alemania expresaron su solidaridad con la madre patria en la batalla de la liberaci\u00f3n y la reconstrucci\u00f3n afirmando la inmunidad del pueblo sirio a las tentativas divisionistas.<\/p>\n<p style=\"text-align: justify;\">El presidente del Comit\u00e9 de Frankfurt para la Solidaridad con Siria, Manfred Tilger, dijo que la \u201cguerra que las potencias imperialistas desatan contra Siria, sobre todo en el \u00e1mbito medi\u00e1tico, es inadmisible por razones \u00e9ticas y humanitarias, y representa una amenaza para la paz mundial\u201d.<\/p>\n<p><span style=\"color: #0000ff;\">Riad Sh.\/ R. Rashed\u00a0<\/span><\/p>\n<p><img decoding=\"async\" src=\"http:\/\/www.sana.sy\/wp-content\/uploads\/2019\/04\/3-101.jpg\" \/><\/p>\n","protected":false},"excerpt":{"rendered":"<p>Frankfurt, SANA La colectividad \u00e1rabe siria en Alemania y el Comit\u00e9 de Frankfurt para la Solidaridad con Siria organizaron una festividad de masas en la ciudad de Frankfurt por el nuevo aniversario del D\u00eda de la Independencia que data de 1946 cuando los colonialistas franceses se marcharon del territorio sirio. El Encargado de Negocios en &hellip;<\/p>\n","protected":false},"author":31,"featured_media":104603,"comment_status":"closed","ping_status":"closed","sticky":false,"template":"","format":"standard","meta":{"footnotes":""},"categories":[597,467,7541],"tags":[15018],"class_list":["post-104602","post","type-post","status-publish","format-standard","has-post-thumbnail","","category-cinta-de-noticias","category-siria-y-el-mundo","category-ultimas-noticias","tag-la-colonia-siria-en-alemania-festeja-la-efemeride-de-la-independencia"],"_links":{"self":[{"href":"https:\/\/archive.sana.sy\/es\/index.php?rest_route=\/wp\/v2\/posts\/104602"}],"collection":[{"href":"https:\/\/archive.sana.sy\/es\/index.php?rest_route=\/wp\/v2\/posts"}],"about":[{"href":"https:\/\/archive.sana.sy\/es\/index.php?rest_route=\/wp\/v2\/types\/post"}],"author":[{"embeddable":true,"href":"https:\/\/archive.sana.sy\/es\/index.php?rest_route=\/wp\/v2\/users\/31"}],"replies":[{"embeddable":true,"href":"https:\/\/archive.sana.sy\/es\/index.php?rest_route=%2Fwp%2Fv2%2Fcomments&post=104602"}],"version-history":[{"count":0,"href":"https:\/\/archive.sana.sy\/es\/index.php?rest_route=\/wp\/v2\/posts\/104602\/revisions"}],"wp:featuredmedia":[{"embeddable":true,"href":"https:\/\/archive.sana.sy\/es\/index.php?rest_route=\/wp\/v2\/media\/104603"}],"wp:attachment":[{"href":"https:\/\/archive.sana.sy\/es\/index.php?rest_route=%2Fwp%2Fv2%2Fmedia&parent=104602"}],"wp:term":[{"taxonomy":"category","embeddable":true,"href":"https:\/\/archive.sana.sy\/es\/index.php?rest_route=%2Fwp%2Fv2%2Fcategories&post=104602"},{"taxonomy":"post_tag","embeddable":true,"href":"https:\/\/archive.sana.sy\/es\/index.php?rest_route=%2Fwp%2Fv2%2Ftags&post=104602"}],"curies":[{"name":"wp","href":"https:\/\/api.w.org\/{rel}","templated":true}]}}