{"id":104605,"date":"2019-04-13T22:57:27","date_gmt":"2019-04-13T19:57:27","guid":{"rendered":"https:\/\/sana.sy\/es\/?p=104605"},"modified":"2019-04-13T23:04:15","modified_gmt":"2019-04-13T20:04:15","slug":"siria-participa-en-el-campeonato-internacional-de-robotica-educativa","status":"publish","type":"post","link":"https:\/\/archive.sana.sy\/es\/?p=104605","title":{"rendered":"Siria participa en el Campeonato Internacional de Rob\u00f3tica\u00a0 Educativa"},"content":{"rendered":"<p><span style=\"color: #800000;\">Damasco, SANA<\/span><\/p>\n<p style=\"text-align: justify;\">Trece selecciones sirias, de 5 categor\u00edas de edades, participar\u00e1n en el 5\u00ba concurso anual del Campeonato Internacional de Rob\u00f3tica Educativa que se celebrar\u00e1 ma\u00f1ana en el L\u00edbano.<\/p>\n<p style=\"text-align: justify;\">El Campeonato se desarrollar\u00e1 durante 8 horas, y tendr\u00e1 lugar en la Universidad Libanesa Internacional (LIU), donde participar\u00e1n 165 equipos de varios estados.<\/p>\n<p style=\"text-align: justify;\">La Comisi\u00f3n de Excelencia e Innovaci\u00f3n se\u00f1al\u00f3 a que dicho campeonato es considerado el m\u00e1s amplio en cuanto al n\u00famero de los equipos \u00e1rabes participantes, indicando que el Robot sirio ha evolucionado de manera significativa recientemente.<\/p>\n<p style=\"text-align: justify;\">El objetivo del campeonato es ayudar a los estudiantes universitarios, escolares y los\u00a0 interesados en ciencia y tecnolog\u00eda a desplegar sus potencialidades y capacidades, adem\u00e1s de prestar un ambiento adecuado para intercambiar los conocimientos y experiencias en el campo de la rob\u00f3tica.<\/p>\n<p style=\"text-align: justify;\">Es de recordar que 67 selecciones de Siria y el L\u00edbano compitieron el 16 del mes pasado en marco del 5\u00ba Campeonato Nacional de Rob\u00f3tica en Damasco, en el cual 12 equipos se calificaron para el campeonato internacional.<\/p>\n<p><span style=\"color: #0000ff;\">R. Rashed\/ Riad Sh.\u00a0<\/span><\/p>\n<p>&nbsp;<\/p>\n","protected":false},"excerpt":{"rendered":"<p>Damasco, SANA Trece selecciones sirias, de 5 categor\u00edas de edades, participar\u00e1n en el 5\u00ba concurso anual del Campeonato Internacional de Rob\u00f3tica Educativa que se celebrar\u00e1 ma\u00f1ana en el L\u00edbano. El Campeonato se desarrollar\u00e1 durante 8 horas, y tendr\u00e1 lugar en la Universidad Libanesa Internacional (LIU), donde participar\u00e1n 165 equipos de varios estados. La Comisi\u00f3n de &hellip;<\/p>\n","protected":false},"author":31,"featured_media":104606,"comment_status":"closed","ping_status":"closed","sticky":false,"template":"","format":"standard","meta":{"footnotes":""},"categories":[597,476,7541],"tags":[15019],"class_list":["post-104605","post","type-post","status-publish","format-standard","has-post-thumbnail","","category-cinta-de-noticias","category-locales","category-ultimas-noticias","tag-siria-participa-en-el-campeonato-internacional-de-robotica-educativa"],"_links":{"self":[{"href":"https:\/\/archive.sana.sy\/es\/index.php?rest_route=\/wp\/v2\/posts\/104605"}],"collection":[{"href":"https:\/\/archive.sana.sy\/es\/index.php?rest_route=\/wp\/v2\/posts"}],"about":[{"href":"https:\/\/archive.sana.sy\/es\/index.php?rest_route=\/wp\/v2\/types\/post"}],"author":[{"embeddable":true,"href":"https:\/\/archive.sana.sy\/es\/index.php?rest_route=\/wp\/v2\/users\/31"}],"replies":[{"embeddable":true,"href":"https:\/\/archive.sana.sy\/es\/index.php?rest_route=%2Fwp%2Fv2%2Fcomments&post=104605"}],"version-history":[{"count":0,"href":"https:\/\/archive.sana.sy\/es\/index.php?rest_route=\/wp\/v2\/posts\/104605\/revisions"}],"wp:featuredmedia":[{"embeddable":true,"href":"https:\/\/archive.sana.sy\/es\/index.php?rest_route=\/wp\/v2\/media\/104606"}],"wp:attachment":[{"href":"https:\/\/archive.sana.sy\/es\/index.php?rest_route=%2Fwp%2Fv2%2Fmedia&parent=104605"}],"wp:term":[{"taxonomy":"category","embeddable":true,"href":"https:\/\/archive.sana.sy\/es\/index.php?rest_route=%2Fwp%2Fv2%2Fcategories&post=104605"},{"taxonomy":"post_tag","embeddable":true,"href":"https:\/\/archive.sana.sy\/es\/index.php?rest_route=%2Fwp%2Fv2%2Ftags&post=104605"}],"curies":[{"name":"wp","href":"https:\/\/api.w.org\/{rel}","templated":true}]}}