{"id":104622,"date":"2019-04-14T10:46:00","date_gmt":"2019-04-14T07:46:00","guid":{"rendered":"https:\/\/sana.sy\/es\/?p=104622"},"modified":"2019-04-14T11:07:51","modified_gmt":"2019-04-14T08:07:51","slug":"organizan-actividades-culturales-sirias-en-budapest-con-motivo-del-73-aniversario-de-la-independencia","status":"publish","type":"post","link":"https:\/\/archive.sana.sy\/es\/?p=104622","title":{"rendered":"Organizan actividades culturales sirias en Budapest con motivo del 73 aniversario de la Independencia"},"content":{"rendered":"<p><span style=\"color: #800000;\">Budapest, SANA<\/span><\/p>\n<p style=\"text-align: justify;\">Con motivo del 73 aniversario del D\u00eda de la Independencia, fue inaugurada una exposici\u00f3n cultural siria en la capital h\u00fangara Budapest.<\/p>\n<p style=\"text-align: justify;\">La exposici\u00f3n que fue organizada por la Embajada de Siria en Austria, en colaboraci\u00f3n con la Universidad Cat\u00f3lica de Bazmann Peter en Budapest, abarc\u00f3 la exhibici\u00f3n de muestras del trabajo de la misi\u00f3n h\u00fangara en el casillo Al-Marqueb en la provincia siria de Tartous.<\/p>\n<p style=\"text-align: justify;\">Tambi\u00e9n se exhibieron obras del artista h\u00fangaro de origen sirio Bahjat Iskandar, bajo el t\u00edtulo: &#8220;Siria es cuna de las civilizaciones&#8221;.<\/p>\n<p style=\"text-align: justify;\">La ceremonia de apertura incluy\u00f3 adem\u00e1s, varias danzas folkl\u00f3ricas del patrimonio sirio y un recital musical.<\/p>\n<p style=\"text-align: justify;\">El representante de la Embajada siria en Austria, el Primer Secretario Jaber Shamout, dijo que la agresi\u00f3n contra Siria apunt\u00f3 no solo contra sus instituciones econ\u00f3micas e infraestructura sino contra su patrimonio cultural.<\/p>\n<p><span style=\"color: #0000ff;\">F. Marouf\/ R. Rashed\u00a0<\/span><\/p>\n<div id='gallery-1' class='gallery galleryid-104622 gallery-columns-1 gallery-size-large'><figure class='gallery-item'>\n\t\t\t<div class='gallery-icon landscape'>\n\t\t\t\t<a href='https:\/\/archive.sana.sy\/es\/wp-content\/uploads\/2019\/04\/photo_2019-04-13_19-41-27.jpg'><img loading=\"lazy\" decoding=\"async\" width=\"618\" height=\"401\" src=\"https:\/\/archive.sana.sy\/es\/wp-content\/uploads\/2019\/04\/photo_2019-04-13_19-41-27-1024x665.jpg\" class=\"attachment-large size-large\" alt=\"\" srcset=\"https:\/\/archive.sana.sy\/es\/wp-content\/uploads\/2019\/04\/photo_2019-04-13_19-41-27-1024x665.jpg 1024w, https:\/\/archive.sana.sy\/es\/wp-content\/uploads\/2019\/04\/photo_2019-04-13_19-41-27-150x97.jpg 150w, https:\/\/archive.sana.sy\/es\/wp-content\/uploads\/2019\/04\/photo_2019-04-13_19-41-27-300x195.jpg 300w, https:\/\/archive.sana.sy\/es\/wp-content\/uploads\/2019\/04\/photo_2019-04-13_19-41-27-768x499.jpg 768w\" sizes=\"(max-width: 618px) 100vw, 618px\" \/><\/a>\n\t\t\t<\/div><\/figure><figure class='gallery-item'>\n\t\t\t<div class='gallery-icon landscape'>\n\t\t\t\t<a href='https:\/\/archive.sana.sy\/es\/wp-content\/uploads\/2019\/04\/photo_2019-04-13_19-41-24.jpg'><img loading=\"lazy\" decoding=\"async\" width=\"618\" height=\"405\" src=\"https:\/\/archive.sana.sy\/es\/wp-content\/uploads\/2019\/04\/photo_2019-04-13_19-41-24-1024x671.jpg\" class=\"attachment-large size-large\" alt=\"\" srcset=\"https:\/\/archive.sana.sy\/es\/wp-content\/uploads\/2019\/04\/photo_2019-04-13_19-41-24-1024x671.jpg 1024w, https:\/\/archive.sana.sy\/es\/wp-content\/uploads\/2019\/04\/photo_2019-04-13_19-41-24-150x98.jpg 150w, https:\/\/archive.sana.sy\/es\/wp-content\/uploads\/2019\/04\/photo_2019-04-13_19-41-24-300x196.jpg 300w, https:\/\/archive.sana.sy\/es\/wp-content\/uploads\/2019\/04\/photo_2019-04-13_19-41-24-768x503.jpg 768w\" sizes=\"(max-width: 618px) 100vw, 618px\" \/><\/a>\n\t\t\t<\/div><\/figure><figure class='gallery-item'>\n\t\t\t<div class='gallery-icon landscape'>\n\t\t\t\t<a href='https:\/\/archive.sana.sy\/es\/wp-content\/uploads\/2019\/04\/photo_2019-04-13_19-41-22.jpg'><img loading=\"lazy\" decoding=\"async\" width=\"618\" height=\"433\" src=\"https:\/\/archive.sana.sy\/es\/wp-content\/uploads\/2019\/04\/photo_2019-04-13_19-41-22-1024x717.jpg\" class=\"attachment-large size-large\" alt=\"\" srcset=\"https:\/\/archive.sana.sy\/es\/wp-content\/uploads\/2019\/04\/photo_2019-04-13_19-41-22-1024x717.jpg 1024w, https:\/\/archive.sana.sy\/es\/wp-content\/uploads\/2019\/04\/photo_2019-04-13_19-41-22-150x105.jpg 150w, https:\/\/archive.sana.sy\/es\/wp-content\/uploads\/2019\/04\/photo_2019-04-13_19-41-22-300x210.jpg 300w, https:\/\/archive.sana.sy\/es\/wp-content\/uploads\/2019\/04\/photo_2019-04-13_19-41-22-768x538.jpg 768w\" sizes=\"(max-width: 618px) 100vw, 618px\" \/><\/a>\n\t\t\t<\/div><\/figure><figure class='gallery-item'>\n\t\t\t<div class='gallery-icon landscape'>\n\t\t\t\t<a href='https:\/\/archive.sana.sy\/es\/wp-content\/uploads\/2019\/04\/photo_2019-04-13_19-41-20.jpg'><img loading=\"lazy\" decoding=\"async\" width=\"618\" height=\"412\" src=\"https:\/\/archive.sana.sy\/es\/wp-content\/uploads\/2019\/04\/photo_2019-04-13_19-41-20-1024x682.jpg\" class=\"attachment-large size-large\" alt=\"\" srcset=\"https:\/\/archive.sana.sy\/es\/wp-content\/uploads\/2019\/04\/photo_2019-04-13_19-41-20-1024x682.jpg 1024w, https:\/\/archive.sana.sy\/es\/wp-content\/uploads\/2019\/04\/photo_2019-04-13_19-41-20-150x100.jpg 150w, https:\/\/archive.sana.sy\/es\/wp-content\/uploads\/2019\/04\/photo_2019-04-13_19-41-20-300x200.jpg 300w, https:\/\/archive.sana.sy\/es\/wp-content\/uploads\/2019\/04\/photo_2019-04-13_19-41-20-768x512.jpg 768w\" sizes=\"(max-width: 618px) 100vw, 618px\" \/><\/a>\n\t\t\t<\/div><\/figure><figure class='gallery-item'>\n\t\t\t<div class='gallery-icon landscape'>\n\t\t\t\t<a href='https:\/\/archive.sana.sy\/es\/wp-content\/uploads\/2019\/04\/photo_2019-04-13_19-41-18.jpg'><img loading=\"lazy\" decoding=\"async\" width=\"618\" height=\"412\" src=\"https:\/\/archive.sana.sy\/es\/wp-content\/uploads\/2019\/04\/photo_2019-04-13_19-41-18-1024x682.jpg\" class=\"attachment-large size-large\" alt=\"\" srcset=\"https:\/\/archive.sana.sy\/es\/wp-content\/uploads\/2019\/04\/photo_2019-04-13_19-41-18-1024x682.jpg 1024w, https:\/\/archive.sana.sy\/es\/wp-content\/uploads\/2019\/04\/photo_2019-04-13_19-41-18-150x100.jpg 150w, https:\/\/archive.sana.sy\/es\/wp-content\/uploads\/2019\/04\/photo_2019-04-13_19-41-18-300x200.jpg 300w, https:\/\/archive.sana.sy\/es\/wp-content\/uploads\/2019\/04\/photo_2019-04-13_19-41-18-768x512.jpg 768w\" sizes=\"(max-width: 618px) 100vw, 618px\" \/><\/a>\n\t\t\t<\/div><\/figure><figure class='gallery-item'>\n\t\t\t<div class='gallery-icon landscape'>\n\t\t\t\t<a href='https:\/\/archive.sana.sy\/es\/wp-content\/uploads\/2019\/04\/photo_2019-04-13_19-41-16.jpg'><img loading=\"lazy\" decoding=\"async\" width=\"618\" height=\"412\" src=\"https:\/\/archive.sana.sy\/es\/wp-content\/uploads\/2019\/04\/photo_2019-04-13_19-41-16-1024x682.jpg\" class=\"attachment-large size-large\" alt=\"\" srcset=\"https:\/\/archive.sana.sy\/es\/wp-content\/uploads\/2019\/04\/photo_2019-04-13_19-41-16-1024x682.jpg 1024w, https:\/\/archive.sana.sy\/es\/wp-content\/uploads\/2019\/04\/photo_2019-04-13_19-41-16-150x100.jpg 150w, https:\/\/archive.sana.sy\/es\/wp-content\/uploads\/2019\/04\/photo_2019-04-13_19-41-16-300x200.jpg 300w, https:\/\/archive.sana.sy\/es\/wp-content\/uploads\/2019\/04\/photo_2019-04-13_19-41-16-768x511.jpg 768w\" sizes=\"(max-width: 618px) 100vw, 618px\" \/><\/a>\n\t\t\t<\/div><\/figure><figure class='gallery-item'>\n\t\t\t<div class='gallery-icon landscape'>\n\t\t\t\t<a href='https:\/\/archive.sana.sy\/es\/wp-content\/uploads\/2019\/04\/photo_2019-04-13_19-41-14.jpg'><img loading=\"lazy\" decoding=\"async\" width=\"618\" height=\"506\" src=\"https:\/\/archive.sana.sy\/es\/wp-content\/uploads\/2019\/04\/photo_2019-04-13_19-41-14-1024x838.jpg\" class=\"attachment-large size-large\" alt=\"\" srcset=\"https:\/\/archive.sana.sy\/es\/wp-content\/uploads\/2019\/04\/photo_2019-04-13_19-41-14-1024x838.jpg 1024w, https:\/\/archive.sana.sy\/es\/wp-content\/uploads\/2019\/04\/photo_2019-04-13_19-41-14-150x123.jpg 150w, https:\/\/archive.sana.sy\/es\/wp-content\/uploads\/2019\/04\/photo_2019-04-13_19-41-14-300x246.jpg 300w, https:\/\/archive.sana.sy\/es\/wp-content\/uploads\/2019\/04\/photo_2019-04-13_19-41-14-768x629.jpg 768w\" sizes=\"(max-width: 618px) 100vw, 618px\" \/><\/a>\n\t\t\t<\/div><\/figure><figure class='gallery-item'>\n\t\t\t<div class='gallery-icon landscape'>\n\t\t\t\t<a href='https:\/\/archive.sana.sy\/es\/wp-content\/uploads\/2019\/04\/2-3.jpg'><img loading=\"lazy\" decoding=\"async\" width=\"618\" height=\"464\" src=\"https:\/\/archive.sana.sy\/es\/wp-content\/uploads\/2019\/04\/2-3-1024x768.jpg\" class=\"attachment-large size-large\" alt=\"\" srcset=\"https:\/\/archive.sana.sy\/es\/wp-content\/uploads\/2019\/04\/2-3-1024x768.jpg 1024w, https:\/\/archive.sana.sy\/es\/wp-content\/uploads\/2019\/04\/2-3-150x112.jpg 150w, https:\/\/archive.sana.sy\/es\/wp-content\/uploads\/2019\/04\/2-3-300x225.jpg 300w, https:\/\/archive.sana.sy\/es\/wp-content\/uploads\/2019\/04\/2-3-768x576.jpg 768w\" sizes=\"(max-width: 618px) 100vw, 618px\" \/><\/a>\n\t\t\t<\/div><\/figure><figure class='gallery-item'>\n\t\t\t<div class='gallery-icon landscape'>\n\t\t\t\t<a href='https:\/\/archive.sana.sy\/es\/wp-content\/uploads\/2019\/04\/2-4.jpg'><img loading=\"lazy\" decoding=\"async\" width=\"618\" height=\"442\" src=\"https:\/\/archive.sana.sy\/es\/wp-content\/uploads\/2019\/04\/2-4-1024x733.jpg\" class=\"attachment-large size-large\" alt=\"\" srcset=\"https:\/\/archive.sana.sy\/es\/wp-content\/uploads\/2019\/04\/2-4-1024x733.jpg 1024w, https:\/\/archive.sana.sy\/es\/wp-content\/uploads\/2019\/04\/2-4-150x107.jpg 150w, https:\/\/archive.sana.sy\/es\/wp-content\/uploads\/2019\/04\/2-4-300x215.jpg 300w, https:\/\/archive.sana.sy\/es\/wp-content\/uploads\/2019\/04\/2-4-768x550.jpg 768w\" sizes=\"(max-width: 618px) 100vw, 618px\" \/><\/a>\n\t\t\t<\/div><\/figure><figure class='gallery-item'>\n\t\t\t<div class='gallery-icon portrait'>\n\t\t\t\t<a href='https:\/\/archive.sana.sy\/es\/wp-content\/uploads\/2019\/04\/2-5.jpg'><img loading=\"lazy\" decoding=\"async\" width=\"618\" height=\"788\" src=\"https:\/\/archive.sana.sy\/es\/wp-content\/uploads\/2019\/04\/2-5-803x1024.jpg\" class=\"attachment-large size-large\" alt=\"\" srcset=\"https:\/\/archive.sana.sy\/es\/wp-content\/uploads\/2019\/04\/2-5-803x1024.jpg 803w, https:\/\/archive.sana.sy\/es\/wp-content\/uploads\/2019\/04\/2-5-118x150.jpg 118w, https:\/\/archive.sana.sy\/es\/wp-content\/uploads\/2019\/04\/2-5-235x300.jpg 235w, https:\/\/archive.sana.sy\/es\/wp-content\/uploads\/2019\/04\/2-5-768x979.jpg 768w\" sizes=\"(max-width: 618px) 100vw, 618px\" \/><\/a>\n\t\t\t<\/div><\/figure><figure class='gallery-item'>\n\t\t\t<div class='gallery-icon landscape'>\n\t\t\t\t<a href='https:\/\/archive.sana.sy\/es\/wp-content\/uploads\/2019\/04\/2-6.jpg'><img loading=\"lazy\" decoding=\"async\" width=\"618\" height=\"395\" src=\"https:\/\/archive.sana.sy\/es\/wp-content\/uploads\/2019\/04\/2-6-1024x655.jpg\" class=\"attachment-large size-large\" alt=\"\" srcset=\"https:\/\/archive.sana.sy\/es\/wp-content\/uploads\/2019\/04\/2-6-1024x655.jpg 1024w, https:\/\/archive.sana.sy\/es\/wp-content\/uploads\/2019\/04\/2-6-150x96.jpg 150w, https:\/\/archive.sana.sy\/es\/wp-content\/uploads\/2019\/04\/2-6-300x192.jpg 300w, https:\/\/archive.sana.sy\/es\/wp-content\/uploads\/2019\/04\/2-6-768x491.jpg 768w\" sizes=\"(max-width: 618px) 100vw, 618px\" \/><\/a>\n\t\t\t<\/div><\/figure><figure class='gallery-item'>\n\t\t\t<div class='gallery-icon landscape'>\n\t\t\t\t<a href='https:\/\/archive.sana.sy\/es\/wp-content\/uploads\/2019\/04\/photo_2019-04-13_19-41-10.jpg'><img loading=\"lazy\" decoding=\"async\" width=\"618\" height=\"381\" src=\"https:\/\/archive.sana.sy\/es\/wp-content\/uploads\/2019\/04\/photo_2019-04-13_19-41-10-1024x631.jpg\" class=\"attachment-large size-large\" alt=\"\" srcset=\"https:\/\/archive.sana.sy\/es\/wp-content\/uploads\/2019\/04\/photo_2019-04-13_19-41-10-1024x631.jpg 1024w, https:\/\/archive.sana.sy\/es\/wp-content\/uploads\/2019\/04\/photo_2019-04-13_19-41-10-150x92.jpg 150w, https:\/\/archive.sana.sy\/es\/wp-content\/uploads\/2019\/04\/photo_2019-04-13_19-41-10-300x185.jpg 300w, https:\/\/archive.sana.sy\/es\/wp-content\/uploads\/2019\/04\/photo_2019-04-13_19-41-10-768x473.jpg 768w\" sizes=\"(max-width: 618px) 100vw, 618px\" \/><\/a>\n\t\t\t<\/div><\/figure><figure class='gallery-item'>\n\t\t\t<div class='gallery-icon landscape'>\n\t\t\t\t<a href='https:\/\/archive.sana.sy\/es\/wp-content\/uploads\/2019\/04\/photo_2019-04-13_19-41-12.jpg'><img loading=\"lazy\" decoding=\"async\" width=\"618\" height=\"431\" src=\"https:\/\/archive.sana.sy\/es\/wp-content\/uploads\/2019\/04\/photo_2019-04-13_19-41-12-1024x714.jpg\" class=\"attachment-large size-large\" alt=\"\" srcset=\"https:\/\/archive.sana.sy\/es\/wp-content\/uploads\/2019\/04\/photo_2019-04-13_19-41-12-1024x714.jpg 1024w, https:\/\/archive.sana.sy\/es\/wp-content\/uploads\/2019\/04\/photo_2019-04-13_19-41-12-150x105.jpg 150w, https:\/\/archive.sana.sy\/es\/wp-content\/uploads\/2019\/04\/photo_2019-04-13_19-41-12-300x209.jpg 300w, https:\/\/archive.sana.sy\/es\/wp-content\/uploads\/2019\/04\/photo_2019-04-13_19-41-12-768x535.jpg 768w\" sizes=\"(max-width: 618px) 100vw, 618px\" \/><\/a>\n\t\t\t<\/div><\/figure><figure class='gallery-item'>\n\t\t\t<div class='gallery-icon portrait'>\n\t\t\t\t<a href='https:\/\/archive.sana.sy\/es\/wp-content\/uploads\/2019\/04\/2-1.jpg'><img loading=\"lazy\" decoding=\"async\" width=\"618\" height=\"786\" src=\"https:\/\/archive.sana.sy\/es\/wp-content\/uploads\/2019\/04\/2-1-805x1024.jpg\" class=\"attachment-large size-large\" alt=\"\" srcset=\"https:\/\/archive.sana.sy\/es\/wp-content\/uploads\/2019\/04\/2-1-805x1024.jpg 805w, https:\/\/archive.sana.sy\/es\/wp-content\/uploads\/2019\/04\/2-1-118x150.jpg 118w, https:\/\/archive.sana.sy\/es\/wp-content\/uploads\/2019\/04\/2-1-236x300.jpg 236w, https:\/\/archive.sana.sy\/es\/wp-content\/uploads\/2019\/04\/2-1-768x977.jpg 768w\" sizes=\"(max-width: 618px) 100vw, 618px\" \/><\/a>\n\t\t\t<\/div><\/figure>\n\t\t<\/div>\n\n","protected":false},"excerpt":{"rendered":"<p>Budapest, SANA Con motivo del 73 aniversario del D\u00eda de la Independencia, fue inaugurada una exposici\u00f3n cultural siria en la capital h\u00fangara Budapest. La exposici\u00f3n que fue organizada por la Embajada de Siria en Austria, en colaboraci\u00f3n con la Universidad Cat\u00f3lica de Bazmann Peter en Budapest, abarc\u00f3 la exhibici\u00f3n de muestras del trabajo de la &hellip;<\/p>\n","protected":false},"author":31,"featured_media":104623,"comment_status":"closed","ping_status":"closed","sticky":false,"template":"","format":"standard","meta":{"footnotes":""},"categories":[597,467,7541],"tags":[15020],"class_list":["post-104622","post","type-post","status-publish","format-standard","has-post-thumbnail","","category-cinta-de-noticias","category-siria-y-el-mundo","category-ultimas-noticias","tag-organizan-actividades-culturales-sirias-en-budapest-con-motivo-del-73-aniversario-de-la-independencia"],"_links":{"self":[{"href":"https:\/\/archive.sana.sy\/es\/index.php?rest_route=\/wp\/v2\/posts\/104622"}],"collection":[{"href":"https:\/\/archive.sana.sy\/es\/index.php?rest_route=\/wp\/v2\/posts"}],"about":[{"href":"https:\/\/archive.sana.sy\/es\/index.php?rest_route=\/wp\/v2\/types\/post"}],"author":[{"embeddable":true,"href":"https:\/\/archive.sana.sy\/es\/index.php?rest_route=\/wp\/v2\/users\/31"}],"replies":[{"embeddable":true,"href":"https:\/\/archive.sana.sy\/es\/index.php?rest_route=%2Fwp%2Fv2%2Fcomments&post=104622"}],"version-history":[{"count":0,"href":"https:\/\/archive.sana.sy\/es\/index.php?rest_route=\/wp\/v2\/posts\/104622\/revisions"}],"wp:featuredmedia":[{"embeddable":true,"href":"https:\/\/archive.sana.sy\/es\/index.php?rest_route=\/wp\/v2\/media\/104623"}],"wp:attachment":[{"href":"https:\/\/archive.sana.sy\/es\/index.php?rest_route=%2Fwp%2Fv2%2Fmedia&parent=104622"}],"wp:term":[{"taxonomy":"category","embeddable":true,"href":"https:\/\/archive.sana.sy\/es\/index.php?rest_route=%2Fwp%2Fv2%2Fcategories&post=104622"},{"taxonomy":"post_tag","embeddable":true,"href":"https:\/\/archive.sana.sy\/es\/index.php?rest_route=%2Fwp%2Fv2%2Ftags&post=104622"}],"curies":[{"name":"wp","href":"https:\/\/api.w.org\/{rel}","templated":true}]}}