{"id":104626,"date":"2019-04-14T10:45:22","date_gmt":"2019-04-14T07:45:22","guid":{"rendered":"https:\/\/sana.sy\/es\/?p=104626"},"modified":"2019-04-14T10:51:43","modified_gmt":"2019-04-14T07:51:43","slug":"titulares-nacionales-e-internacionales-de-la-prensa-siria-12","status":"publish","type":"post","link":"https:\/\/archive.sana.sy\/es\/?p=104626","title":{"rendered":"Titulares nacionales e internacionales de la prensa siria"},"content":{"rendered":"<p style=\"text-align: justify;\"><span style=\"color: #800000;\">Damasco, SANA<\/span><\/p>\n<p style=\"text-align: justify;\">Los principales diarios y medios de comunicaci\u00f3n sirios destacaron los siguientes titulares del \u00e1mbito nacional e internacional:<\/p>\n<p style=\"text-align: justify;\">&#8211; Cientos de desplazados lograron salir del campamento Rukban donde las fuerzas de ocupaci\u00f3n de Estados Unidos y sus mercenarios terroristas retienen a los civiles.<\/p>\n<p style=\"text-align: justify;\">&#8211; Nuevas manifestaciones de los llamados \u201cChalecos Amarillos\u201d contra Macron y sus pol\u00edticas.<\/p>\n<p style=\"text-align: justify;\">&#8211; Provincia de Homs alberga a m\u00e1s de cinco mil sitios arqueol\u00f3gicos que son el resultado de 33 civilizaciones.<\/p>\n<p style=\"text-align: justify;\">&#8211; Comienza jornada cultural siria en Budapest con motivo del 73 aniversario del D\u00eda de la Independencia.<\/p>\n<p style=\"text-align: justify;\">&#8211; 13 equipos sirios en el Torneo Internacional de Rob\u00f3tica Educativa.<\/p>\n<p style=\"text-align: justify;\">&#8211; Afirman que Siria le ganar\u00e1 al asedio y a la guerra econ\u00f3mica.<\/p>\n<p style=\"text-align: justify;\">&#8211; Procesado 13.500 toneladas de algod\u00f3n en Hama.<\/p>\n<p style=\"text-align: justify;\">&#8211; El arzobispo Hanna asegura que la agresi\u00f3n sionista contra Siria arremete contra Palestina y su causa.<\/p>\n<p style=\"text-align: justify;\">&#8211; Cientos de prisioneros palestinos contin\u00faan su huelga de hambre.<\/p>\n<p style=\"text-align: justify;\">&#8211; La Junta Militar de Transici\u00f3n en Sud\u00e1n anuncia la formaci\u00f3n de un consejo militar y un gobierno civil por consenso.<\/p>\n<p style=\"text-align: justify;\">&#8211; Lavrov asegura que los defensores de la carrera armament\u00edstica han impuesto su dominio sobre Washington.<\/p>\n<p style=\"text-align: justify;\">&#8211; Evac\u00faan 10 edificios en la ciudad rusa de Ekaterimburgo despu\u00e9s de amenazas de bomba.<\/p>\n<p style=\"text-align: justify;\">&#8211; Renuncia el jefe de seguridad y de inteligencia sudan\u00e9s.<\/p>\n<p style=\"text-align: justify;\">&#8211; Erdogan est\u00e1 tratando de proteger a sus aliados en los sectores de la energ\u00eda y la construcci\u00f3n.<\/p>\n<p style=\"text-align: justify;\">&#8211; Teher\u00e1n dice que la decisi\u00f3n de Trump sobre los Guardianes de la Revoluci\u00f3n es parte de una guerra psicol\u00f3gica.<\/p>\n<p style=\"text-align: justify;\">&#8211; Dos palestinos fueron lesionados por disparos israel\u00edes en Cisjordania.<\/p>\n<p style=\"text-align: justify;\">&#8211; L\u00edder norcoreano dice que le interesa volver a ver a Trump a menos que Washington siga un enfoque correcto.<\/p>\n<p style=\"text-align: justify;\">&#8211; OLP tacha de provocaci\u00f3n a ataque de Trump al Tribunal Penal Internacional.<\/p>\n<p style=\"text-align: justify;\">&#8211; Asignan a nuevo portavoz del Ministerio de Exteriores de Ir\u00e1n.<\/p>\n<p style=\"text-align: justify;\">&#8211; Maduro advierte a Brasil contra cualquier intervenci\u00f3n militar en Venezuela.<\/p>\n<p style=\"text-align: justify;\">&#8211; Barcos de guerra rusos realizan ejercicios de combate en el Mar Negro.<\/p>\n<p style=\"text-align: justify;\">&#8211; Abbas: el pueblo palestino no se rendir\u00e1 ante los complots que apuntan contra su existencia.<\/p>\n<p style=\"text-align: justify;\">&#8211; Ej\u00e9rcito iraqu\u00ed elimin\u00f3 a cuatro terroristas del Daesh en el oeste de Irak.<\/p>\n<p style=\"text-align: justify;\">&#8211; Israel vuelve a violar el espacio a\u00e9reo y las aguas territoriales del L\u00edbano.<\/p>\n<p style=\"text-align: justify;\">&#8211; Ej\u00e9rcito yemen\u00ed elimina a varios soldados saud\u00edes y sus mercenarios en Jizan y Najran.<\/p>\n<p style=\"text-align: justify;\">&#8211; Canciller iran\u00ed: Washington hace hasta estupideces para servir a los intereses de Israel.<\/p>\n<p style=\"text-align: justify;\">&#8211; Partido Comunista del L\u00edbano condena proclama de Trump sobre el Gol\u00e1n sirio ocupado.<\/p>\n<p style=\"text-align: justify;\">&#8211; Presidente cubano asegura que Washington fracasar\u00e1 en imponer su hegemon\u00eda sobre Venezuela.<\/p>\n<p><span style=\"color: #0000ff;\">F. Marouf\/ R. Rashed\u00a0<\/span><\/p>\n","protected":false},"excerpt":{"rendered":"<p>Damasco, SANA Los principales diarios y medios de comunicaci\u00f3n sirios destacaron los siguientes titulares del \u00e1mbito nacional e internacional: &#8211; Cientos de desplazados lograron salir del campamento Rukban donde las fuerzas de ocupaci\u00f3n de Estados Unidos y sus mercenarios terroristas retienen a los civiles. &#8211; Nuevas manifestaciones de los llamados \u201cChalecos Amarillos\u201d contra Macron y &hellip;<\/p>\n","protected":false},"author":31,"featured_media":104639,"comment_status":"closed","ping_status":"closed","sticky":false,"template":"","format":"standard","meta":{"footnotes":""},"categories":[555,597,7541],"tags":[14167],"class_list":["post-104626","post","type-post","status-publish","format-standard","has-post-thumbnail","","category-prensa","category-cinta-de-noticias","category-ultimas-noticias","tag-titulares-nacionales-e-internacionales-de-la-prensa-siria"],"_links":{"self":[{"href":"https:\/\/archive.sana.sy\/es\/index.php?rest_route=\/wp\/v2\/posts\/104626"}],"collection":[{"href":"https:\/\/archive.sana.sy\/es\/index.php?rest_route=\/wp\/v2\/posts"}],"about":[{"href":"https:\/\/archive.sana.sy\/es\/index.php?rest_route=\/wp\/v2\/types\/post"}],"author":[{"embeddable":true,"href":"https:\/\/archive.sana.sy\/es\/index.php?rest_route=\/wp\/v2\/users\/31"}],"replies":[{"embeddable":true,"href":"https:\/\/archive.sana.sy\/es\/index.php?rest_route=%2Fwp%2Fv2%2Fcomments&post=104626"}],"version-history":[{"count":0,"href":"https:\/\/archive.sana.sy\/es\/index.php?rest_route=\/wp\/v2\/posts\/104626\/revisions"}],"wp:featuredmedia":[{"embeddable":true,"href":"https:\/\/archive.sana.sy\/es\/index.php?rest_route=\/wp\/v2\/media\/104639"}],"wp:attachment":[{"href":"https:\/\/archive.sana.sy\/es\/index.php?rest_route=%2Fwp%2Fv2%2Fmedia&parent=104626"}],"wp:term":[{"taxonomy":"category","embeddable":true,"href":"https:\/\/archive.sana.sy\/es\/index.php?rest_route=%2Fwp%2Fv2%2Fcategories&post=104626"},{"taxonomy":"post_tag","embeddable":true,"href":"https:\/\/archive.sana.sy\/es\/index.php?rest_route=%2Fwp%2Fv2%2Ftags&post=104626"}],"curies":[{"name":"wp","href":"https:\/\/api.w.org\/{rel}","templated":true}]}}