{"id":104642,"date":"2019-04-14T10:42:24","date_gmt":"2019-04-14T07:42:24","guid":{"rendered":"https:\/\/sana.sy\/es\/?p=104642"},"modified":"2023-01-10T15:15:50","modified_gmt":"2023-01-10T13:15:50","slug":"ferias-organizadas-dentro-y-fuera-de-siria-demuestran-notable-recuperacion-de-la-economia-siria-del-terrorismo","status":"publish","type":"post","link":"https:\/\/archive.sana.sy\/es\/?p=104642","title":{"rendered":"Ferias organizadas dentro y fuera de Siria demuestran notable recuperaci\u00f3n de la econom\u00eda siria del terrorismo"},"content":{"rendered":"<p style=\"text-align: justify;\"><span style=\"color: #800000;\">Damasco, SANA<\/span><\/p>\n<p style=\"text-align: justify;\">Recientemente, fueron organizadas varias ferias y festivales que abarcaron los campos de la salud, la industria y la cultura, en un mensaje que demuestra la recuperaci\u00f3n de la econom\u00eda siria del terrorismo y de la guerra impuesta.<\/p>\n<p style=\"text-align: justify;\">A continuaci\u00f3n, daremos a conocer las noticias m\u00e1s importantes de SANA sobre las ferias y los festivales que fueron organizados la semana pasada:<\/p>\n<p style=\"text-align: justify;\"><span style=\"color: #0000ff;\">90 empresas sirias y extranjeras participan en &#8220;Syria-Health 2019&#8221;<\/span><\/p>\n<p style=\"text-align: justify;\">Con la participaci\u00f3n de cerca de 90 empresas locales, \u00e1rabes y extranjeras especializadas en equipos m\u00e9dicos e industria farmac\u00e9utica, comenzaron las actividades de la Feria y Conferencia Internacional &#8220;Syria- Health 2019&#8221;.<\/p>\n<p style=\"text-align: justify;\">El recinto ferial de Expo-damasco acoge la Feria organizada por la compa\u00f1\u00eda internacional Expo-Cham para Ferias y Conferencias.<\/p>\n<p style=\"text-align: justify;\">El evento que durar\u00e1 hasta el d\u00eda 13 de este mes, arroja luz sobre el trabajo de los hospitales gubernamentales en Siria y los desaf\u00edos que enfrentan a consecuencia de la guerra terrorista y las medidas econ\u00f3micas coercitivas unilaterales.<\/p>\n<p style=\"text-align: justify;\">En declaraciones a la prensa, el Viceministro de Salud, Ahmad Khalifawi, dijo que la organizaci\u00f3n de tales ferias contribuye a reflejar el estado de recuperaci\u00f3n que presencia el sector de la salud en Siria.<\/p>\n<p style=\"text-align: justify;\">Revel\u00f3 que las empresas participantes representan a varios pa\u00edses, entre ellos Irak, Jordania, Emiratos \u00c1rabes Unidos, Egipto e Ir\u00e1n, as\u00ed como agentes de varias empresas extranjeras y sirias privadas.<\/p>\n<p style=\"text-align: justify;\"><span style=\"color: #0000ff;\">M\u00e1s de 125 empresas participan en el festival de compras \u201cHecho en Siria\u201d en Latakia<\/span><\/p>\n<p style=\"text-align: justify;\">Arrancaron las actividades de la 85\u00aa edici\u00f3n del Festival de Compras mensual \u201cHecho en Siria\u201d, evento organizado por la C\u00e1mara de Industria de Damasco y en el cual participan m\u00e1s de 125 empresas.<\/p>\n<p style=\"text-align: justify;\">Ali Youssef, miembro del Bur\u00f3 Ejecutivo en la Gobernaci\u00f3n de Latakia, dijo que el festival consolida la competitividad en el mercado y los descuentos a las mercanc\u00edas superan el 30% en comparaci\u00f3n con otros mercados.<\/p>\n<p style=\"text-align: justify;\">El festival durar\u00e1 hasta el 19 del presente mes de abril y constituye una forma de intervenci\u00f3n positiva en el mercado al ofrecer insumos b\u00e1sicos al consumidor directamente, y supone una promoci\u00f3n del producto local.<\/p>\n<p style=\"text-align: justify;\"><span style=\"color: #0000ff;\">Siria participa en la Feria de Negocios Expo-Arabia2019 en Mosc\u00fa<\/span><\/p>\n<p style=\"text-align: justify;\">La Feria de Negocios Ruso-\u00e1rabe (Expo-Arabia 2019) se inaugur\u00f3 con la participaci\u00f3n de Siria y varios pa\u00edses \u00e1rabes en la capital rusa, Mosc\u00fa.<\/p>\n<p style=\"text-align: justify;\">Este evento econ\u00f3mico apunta a impulsar las relaciones entre Rusia y el mundo \u00e1rabe y llevarlas a un nuevo nivel, adem\u00e1s de desarrollar la cooperaci\u00f3n entre las empresas rusas y \u00e1rabes.<\/p>\n<p style=\"text-align: justify;\">Al margen de la feria se celebrar\u00e1 la 12\u00aa sesi\u00f3n del Consejo Empresarial \u00c1rabe-ruso en la Sala Central de Exposiciones de Mosc\u00fa.<\/p>\n<p style=\"text-align: justify;\">Las actividades est\u00e1n organizadas por el Consejo Empresarial Ruso-\u00e1rabe, la Uni\u00f3n de C\u00e1maras \u00c1rabes, la C\u00e1mara de Comercio e Industria de Rusia y el Ministerio de Industria, Econom\u00eda y Energ\u00eda de Rusia.<\/p>\n<p style=\"text-align: justify;\"><span style=\"color: #0000ff;\">Arranc\u00f3 la segunda edici\u00f3n del Festival Cultural de Damasco<\/span><\/p>\n<p style=\"text-align: justify;\">Comenz\u00f3 en la \u00d3pera de Damasco, la segunda edici\u00f3n del Festival Cultural de Damasco que abarca actividades culturales, art\u00edsticas y literarias.<\/p>\n<p style=\"text-align: justify;\">En el acto de apertura, fueron premiadas varias figuras que se destacaron por su quehacer en los campos de la cultura, el arte y la literatura.<\/p>\n<p style=\"text-align: justify;\">De igual manera, se organiz\u00f3 una exposici\u00f3n de arte pl\u00e1stico en el que se exhibieron obras de conocidos artistas pl\u00e1sticos de diferentes escuelas y estilos.<\/p>\n<p style=\"text-align: justify;\">Asimismo, el Departamento de Antig\u00fcedades y Museos organiz\u00f3 una exposici\u00f3n de objetos arqueol\u00f3gicos antiguos de Damasco que se exhibieron por primera vez y abarcan a objetos de cer\u00e1mica y vidrio, elementos ornamentales de bronce, una peque\u00f1a estatua de bronce que data del siglo II dC, as\u00ed como una jarra de barro que data del per\u00edodo Mamluk\u00ed y fue hallado en la Ciudadela de Damasco.<\/p>\n<p style=\"text-align: justify;\">En su intervenci\u00f3n en la apertura del festival, el ministro de Cultura, Mohammed Al-Ahmad, dijo que &#8220;la verdadera cultura no se esconde en los tiempos dif\u00edciles, sino que participa en las batallas de defensa de la patria y la civilizaci\u00f3n&#8221;.<\/p>\n<p style=\"text-align: justify;\">&#8220;La cultura es el mejor arma para enfrentar el terrorismo porque trata a las ra\u00edces ideol\u00f3gicas de este flageo&#8221;, precis\u00f3.<\/p>\n<p style=\"text-align: justify;\">A su vez, el Director de Cultura de Damasco, Wassim Moubayed, dijo que el festival es un mensaje al mundo de que Damasco seguir\u00e1 siendo una plataforma para la cultura y la ciencia, y que Siria ha triunfado sobre el terrorismo gracias a los sacrificios del Ej\u00e9rcito \u00c1rabe Sirio.<\/p>\n<p><span style=\"color: #0000ff;\">F. Marouf\/ R. Rashed\u00a0<\/span><\/p>\n","protected":false},"excerpt":{"rendered":"<p>Damasco, SANA Recientemente, fueron organizadas varias ferias y festivales que abarcaron los campos de la salud, la industria y la cultura, en un mensaje que demuestra la recuperaci\u00f3n de la econom\u00eda siria del terrorismo y de la guerra impuesta. A continuaci\u00f3n, daremos a conocer las noticias m\u00e1s importantes de SANA sobre las ferias y los &hellip;<\/p>\n","protected":false},"author":31,"featured_media":104646,"comment_status":"closed","ping_status":"closed","sticky":false,"template":"","format":"standard","meta":{"footnotes":""},"categories":[597,485,7541],"tags":[15022],"class_list":["post-104642","post","type-post","status-publish","format-standard","has-post-thumbnail","","category-cinta-de-noticias","category-informes-negocios-y-finanzas","category-ultimas-noticias","tag-ferias-organizadas-dentro-y-fuera-de-siria-demuestran-notable-recuperacion-de-la-economia-siria-del-terrorismo"],"_links":{"self":[{"href":"https:\/\/archive.sana.sy\/es\/index.php?rest_route=\/wp\/v2\/posts\/104642"}],"collection":[{"href":"https:\/\/archive.sana.sy\/es\/index.php?rest_route=\/wp\/v2\/posts"}],"about":[{"href":"https:\/\/archive.sana.sy\/es\/index.php?rest_route=\/wp\/v2\/types\/post"}],"author":[{"embeddable":true,"href":"https:\/\/archive.sana.sy\/es\/index.php?rest_route=\/wp\/v2\/users\/31"}],"replies":[{"embeddable":true,"href":"https:\/\/archive.sana.sy\/es\/index.php?rest_route=%2Fwp%2Fv2%2Fcomments&post=104642"}],"version-history":[{"count":0,"href":"https:\/\/archive.sana.sy\/es\/index.php?rest_route=\/wp\/v2\/posts\/104642\/revisions"}],"wp:featuredmedia":[{"embeddable":true,"href":"https:\/\/archive.sana.sy\/es\/index.php?rest_route=\/wp\/v2\/media\/104646"}],"wp:attachment":[{"href":"https:\/\/archive.sana.sy\/es\/index.php?rest_route=%2Fwp%2Fv2%2Fmedia&parent=104642"}],"wp:term":[{"taxonomy":"category","embeddable":true,"href":"https:\/\/archive.sana.sy\/es\/index.php?rest_route=%2Fwp%2Fv2%2Fcategories&post=104642"},{"taxonomy":"post_tag","embeddable":true,"href":"https:\/\/archive.sana.sy\/es\/index.php?rest_route=%2Fwp%2Fv2%2Ftags&post=104642"}],"curies":[{"name":"wp","href":"https:\/\/api.w.org\/{rel}","templated":true}]}}