{"id":104648,"date":"2019-04-14T10:30:38","date_gmt":"2019-04-14T07:30:38","guid":{"rendered":"https:\/\/sana.sy\/es\/?p=104648"},"modified":"2023-01-10T15:15:50","modified_gmt":"2023-01-10T13:15:50","slug":"siria-consolida-sus-relaciones-de-cooperacion-con-irak-y-el-libano","status":"publish","type":"post","link":"https:\/\/archive.sana.sy\/es\/?p=104648","title":{"rendered":"Siria consolida sus relaciones de cooperaci\u00f3n con Irak y el L\u00edbano"},"content":{"rendered":"<p style=\"text-align: justify;\"><span style=\"color: #800000;\">Damasco, SANA<\/span><\/p>\n<p style=\"text-align: justify;\">La capital Damasco fue testigo de intensas reuniones a nivel ministerial con el fin de consolidar la colaboraci\u00f3n econ\u00f3mica, comercial y agr\u00edcola entre Siria por un lado, y el L\u00edbano e Irak por el otro lado. A continuaci\u00f3n les ofrecemos las noticias m\u00e1s importantes al respecto:<\/p>\n<p style=\"text-align: justify;\"><span style=\"color: #0000ff;\">Siria y el L\u00edbano reactivan acuerdos suscritos en 2010 y 2009 en materia agropecuaria<\/span><\/p>\n<p style=\"text-align: justify;\">Se firm\u00f3 en la sede del Ministerio de Agricultura en la capital Damasco, el acta de la reuni\u00f3n del Comit\u00e9 Mixto Sirio-Liban\u00e9s para la Cooperaci\u00f3n Agraria.<\/p>\n<p style=\"text-align: justify;\">El documento fue rubricado por el ministro de Agricultura y Reforma Agraria de Siria, Ahmad al-Qadiri, y su hom\u00f3logo liban\u00e9s, Hassan al-Qais.<\/p>\n<p style=\"text-align: justify;\">Ambos lados enfatizaron la voluntad de reactivar los acuerdos firmados en 2010, y para lograr tal fin se encarg\u00f3 a comit\u00e9s conjuntos para estudiar y preparar memorandos de entendimiento o programas ejecutivos que abarcan todos los sectores de la agricultura.<\/p>\n<p style=\"text-align: justify;\">Asimismo, se acord\u00f3 crear un comit\u00e9 t\u00e9cnico conjunto en materia de protecci\u00f3n fitosanitaria, investigaciones cient\u00edficas y producci\u00f3n agr\u00edcola.<\/p>\n<p style=\"text-align: justify;\">Ambas parte acordaron adem\u00e1s, formar otro comit\u00e9 t\u00e9cnico conjunto para el intercambio de productos agropecuarios entre ambos pa\u00edses durante todo el a\u00f1o.<\/p>\n<p style=\"text-align: justify;\">El acta contempl\u00f3 permitir la importaci\u00f3n de rubro de papas de mesa en el periodo comprendido del 10 de octubre al 31 de diciembre de cada a\u00f1o, as\u00ed como dar seguimiento a la decisi\u00f3n de exportar caballos sirios, adem\u00e1s de intercambiar la lista de las insecticidas prohibidas y permitidas en ambos pa\u00edses.<\/p>\n<p style=\"text-align: justify;\">El Comit\u00e9 T\u00e9cnico Mixto para la Pesca y Acuicultura, creado anteriormente, fue encomendado de debatir el borrador de un nuevo acuerdo de cooperaci\u00f3n sobre los recursos pesqueros, pesca mar\u00edtima y acuicultura.<\/p>\n<p style=\"text-align: justify;\"><span style=\"color: #0000ff;\">Conversaciones sirio-iraqu\u00edes para consolidar cooperaci\u00f3n en materia econ\u00f3mica y de lucha antiterrorista<\/span><\/p>\n<p style=\"text-align: justify;\">El primer ministro, Imad Khamis, recibi\u00f3 al ministro de Comercio de Irak, Mohammed Hashem Al-Ani, con quien abord\u00f3 las v\u00edas de desarrollar las relaciones econ\u00f3micas, comerciales y de inversi\u00f3n entre ambos pa\u00edses hermanos.<\/p>\n<p style=\"text-align: justify;\">\u201cSiria continuar\u00e1 su guerra contra el terrorismo hasta la instauraci\u00f3n de la seguridad en todo su territorio\u201d, dijo Khamis durante el encuentro.<\/p>\n<p style=\"text-align: justify;\">Resalt\u00f3 la necesidad de intensificar la coordinaci\u00f3n sirio-iraqu\u00ed en la pr\u00f3xima etapa en materia de la lucha antiterrorista para garantizar y consolidar la seguridad en ambos pa\u00edses.<\/p>\n<p style=\"text-align: justify;\">El jefe del gabinete sirio llam\u00f3 a reabrir los cruces fronterizos entre Siria e Irak para impulsar el intercambio comercial y consolidar la resistencia de ambas naciones ante los retos actuales.<\/p>\n<p style=\"text-align: justify;\">El ministro iraqu\u00ed a su vez, reiter\u00f3 la importancia de reactivar los acuerdos firmados en materia petrol\u00edfera, energ\u00e9tica y comercial, a fin de superar los impactos de la guerra terrorista sufrida por ambos pa\u00edses.<\/p>\n<p style=\"text-align: justify;\">\u201cLos productos sirios goza de una buena fama en los mercados iraqu\u00edes, y apreciamos los esfuerzos desempe\u00f1ados por el gobierno sirio para erradicar el terrorismo y revitalizar la econom\u00eda del pa\u00eds\u201d, dijo el ministro de Comercio iraqu\u00ed.<\/p>\n<p style=\"text-align: justify;\"><span style=\"color: #0000ff;\">Presidente del Gobierno sostienen conversaciones el ministro de Agricultura liban\u00e9s<\/span><\/p>\n<p style=\"text-align: justify;\">La cooperaci\u00f3n entre Siria y el L\u00edbano en los campos de la agricultura, el comercio y la inversi\u00f3n, la reconstrucci\u00f3n, ha sido el tema principal de encuentro que sostuvo el primer ministro, Emad Khamis, con el ministro de Agricultura liban\u00e9s, Hassan al-Qais.<\/p>\n<p style=\"text-align: justify;\">Khamis subray\u00f3 la importancia de ampliar la cooperaci\u00f3n agr\u00edcola y reactivar los acuerdos ya firmados.<\/p>\n<p style=\"text-align: justify;\">&#8220;Es necesario firmar nuevos convenios y promover la cooperaci\u00f3n en el campo del transporte y la comercializaci\u00f3n de productos agr\u00edcolas, y facilitar el paso de productos a trav\u00e9s de los cruces fronterizos&#8221;, detall\u00f3 el jefe del Ejecutivo sirio.<\/p>\n<p style=\"text-align: justify;\">Por su parte, el ministro liban\u00e9s inst\u00f3 a aumentar la cooperaci\u00f3n agr\u00edcola, comercial y superar las trabas que impiden el ingreso de los productos.<\/p>\n<p style=\"text-align: justify;\">Destac\u00f3 la necesidad de abrir nuevas perspectivas para la cooperaci\u00f3n econ\u00f3mica y en el \u00e1mbito del transporte.<\/p>\n<p style=\"text-align: justify;\"><span style=\"color: #0000ff;\">Siria y el L\u00edbano abordan v\u00edas de impulsar la cooperaci\u00f3n agr\u00edcola<\/span><\/p>\n<p style=\"text-align: justify;\">El ministro de Agricultura y Reforma Agraria, Ahmad al-Qadiri, y su hom\u00f3logo liban\u00e9s, Hassan Al-Laquis, abordaron las v\u00edas m\u00e1s factibles para desarrollar las relaciones agr\u00edcolas entre los dos pa\u00edses.<\/p>\n<p style=\"text-align: justify;\">Durante una reuni\u00f3n sostenida en la sede del Ministerio de Agricultura en la capital Damasco, el ministro al-Qadiri subray\u00f3 la necesidad de concretar una visi\u00f3n conjunta sobre el desarrollo de la cooperaci\u00f3n bilateral en todos los dominios de la agricultura.<\/p>\n<p style=\"text-align: justify;\">\u201cLa estrecha colaboraci\u00f3n entre los ministerios de agricultura de Siria y El L\u00edbano en el campo de la investigaci\u00f3n agraria constituye una de las bases de la producci\u00f3n agr\u00edcola sirio-libanesa\u201d, agreg\u00f3 el titular sirio.<\/p>\n<p style=\"text-align: justify;\">Por su parte, el ministro liban\u00e9s afirm\u00f3 que las conversaciones se centraron en los medios para mejorar las relaciones agr\u00edcolas entre los dos pa\u00edses, lo cual favorecer\u00eda a los agricultores de ambos pa\u00edses y al proceso de importaci\u00f3n y exportaci\u00f3n a trav\u00e9s de los puertos y cruces sirios.<\/p>\n<p style=\"text-align: justify;\">Inst\u00f3 a reactivar los convenios firmados entre los dos pa\u00edses, cuya aplicaci\u00f3n fue suspendida durante la guerra terrorista contra Siria.<\/p>\n<p><span style=\"color: #0000ff;\">F. Marouf\/ R. Rashed\u00a0<\/span><\/p>\n","protected":false},"excerpt":{"rendered":"<p>Damasco, SANA La capital Damasco fue testigo de intensas reuniones a nivel ministerial con el fin de consolidar la colaboraci\u00f3n econ\u00f3mica, comercial y agr\u00edcola entre Siria por un lado, y el L\u00edbano e Irak por el otro lado. A continuaci\u00f3n les ofrecemos las noticias m\u00e1s importantes al respecto: Siria y el L\u00edbano reactivan acuerdos suscritos &hellip;<\/p>\n","protected":false},"author":31,"featured_media":104650,"comment_status":"closed","ping_status":"closed","sticky":false,"template":"","format":"standard","meta":{"footnotes":""},"categories":[597,485,7541],"tags":[15023],"class_list":["post-104648","post","type-post","status-publish","format-standard","has-post-thumbnail","","category-cinta-de-noticias","category-informes-negocios-y-finanzas","category-ultimas-noticias","tag-siria-consolida-sus-relaciones-de-cooperacion-con-irak-y-el-libano"],"_links":{"self":[{"href":"https:\/\/archive.sana.sy\/es\/index.php?rest_route=\/wp\/v2\/posts\/104648"}],"collection":[{"href":"https:\/\/archive.sana.sy\/es\/index.php?rest_route=\/wp\/v2\/posts"}],"about":[{"href":"https:\/\/archive.sana.sy\/es\/index.php?rest_route=\/wp\/v2\/types\/post"}],"author":[{"embeddable":true,"href":"https:\/\/archive.sana.sy\/es\/index.php?rest_route=\/wp\/v2\/users\/31"}],"replies":[{"embeddable":true,"href":"https:\/\/archive.sana.sy\/es\/index.php?rest_route=%2Fwp%2Fv2%2Fcomments&post=104648"}],"version-history":[{"count":0,"href":"https:\/\/archive.sana.sy\/es\/index.php?rest_route=\/wp\/v2\/posts\/104648\/revisions"}],"wp:featuredmedia":[{"embeddable":true,"href":"https:\/\/archive.sana.sy\/es\/index.php?rest_route=\/wp\/v2\/media\/104650"}],"wp:attachment":[{"href":"https:\/\/archive.sana.sy\/es\/index.php?rest_route=%2Fwp%2Fv2%2Fmedia&parent=104648"}],"wp:term":[{"taxonomy":"category","embeddable":true,"href":"https:\/\/archive.sana.sy\/es\/index.php?rest_route=%2Fwp%2Fv2%2Fcategories&post=104648"},{"taxonomy":"post_tag","embeddable":true,"href":"https:\/\/archive.sana.sy\/es\/index.php?rest_route=%2Fwp%2Fv2%2Ftags&post=104648"}],"curies":[{"name":"wp","href":"https:\/\/api.w.org\/{rel}","templated":true}]}}