{"id":104652,"date":"2019-04-14T10:44:55","date_gmt":"2019-04-14T07:44:55","guid":{"rendered":"https:\/\/sana.sy\/es\/?p=104652"},"modified":"2019-04-14T13:33:01","modified_gmt":"2019-04-14T10:33:01","slug":"siria-se-empena-para-recuperar-sus-indices-de-salud-y-turismo","status":"publish","type":"post","link":"https:\/\/archive.sana.sy\/es\/?p=104652","title":{"rendered":"Siria se empe\u00f1a para recuperar sus \u00edndices de salud y turismo"},"content":{"rendered":"<p style=\"text-align: justify;\"><span style=\"color: #800000;\">Damasco, SANA<\/span><\/p>\n<p style=\"text-align: justify;\">Las autoridades sirias despliegan esfuerzos excepcionales para la recuperaci\u00f3n de sus sectores de salud y turismo.<\/p>\n<p style=\"text-align: justify;\">Durante la \u00faltima semana, varios grupos de turistas europeos visitaron los sitios hist\u00f3ricos del pa\u00eds, mientras el Ministerio de Salud sirio celebr\u00f3 el D\u00eda Mundial de Atenci\u00f3n Primaria:<\/p>\n<p style=\"text-align: justify;\"><span style=\"color: #0000ff;\">Siria celebra el D\u00eda mundial de Salud con empe\u00f1os para recuperar los \u00edndices de salud de antes de la guerra<\/span><\/p>\n<p style=\"text-align: justify;\">La Organizaci\u00f3n Mundial de la Salud (OMS) dedic\u00f3 la jornada del D\u00eda Mundial de la Salud este a\u00f1o para la atenci\u00f3n primaria de salud.<\/p>\n<p style=\"text-align: justify;\">El Director de Atenci\u00f3n Primaria en el Ministerio de Salud, Fadi Qassis, coment\u00f3 que durante los a\u00f1os de la guerra contra Siria, se agregaron los servicios de atenci\u00f3n siqui\u00e1trica a los dem\u00e1s servicios de atenci\u00f3n primaria.<\/p>\n<p style=\"text-align: justify;\">&#8220;A pesar de las grandes dificultades y los desaf\u00edos que gener\u00f3 la guerra, no se han detectado casos de enfermedades epid\u00e9micas como pasa normalmente en la guerra&#8221; afirm\u00f3 Qassis y se\u00f1al\u00f3 que Siria pudo superar los casos de poliomielitis surgidos entre 2013 y 2017, y fue declarada como pa\u00eds libre de poliomielitis a fines del 2018.<\/p>\n<p style=\"text-align: justify;\">Revel\u00f3 que el terrorismo hizo que varios hospitales y centros de salud salieran de servicio, y gracias a los esfuerzos del ministerio de Salud fueron rehabilitados 17 hospitales y 190 centros de salud en las zonas liberadas del terrorismo, as\u00ed como se restaur\u00f3 el 80% del sistema de emergencia.<\/p>\n<p style=\"text-align: justify;\">A su vez, la representante de la OMS en Siria, Elizabeth Huff, dijo que, antes de la guerra, los programas de atenci\u00f3n m\u00e9dica primeria en Siria fueron entre los mejores a nivel regional.<\/p>\n<p style=\"text-align: justify;\">Seg\u00fan Huff, se est\u00e1n elaborando planes para rehabilitar el sector de salud en cooperaci\u00f3n con las autoridades sirias competentes.<\/p>\n<p style=\"text-align: justify;\">Los programas de atenci\u00f3n primaria de salud iniciaron en Siria en el a\u00f1o 1988 y abarca varias esferas como la atenci\u00f3n materno-infantil, la vacunaci\u00f3n, la planificaci\u00f3n familiar, adem\u00e1s del saneamiento ambiental, la prevenci\u00f3n de enfermedades contagiosas, la salud bucodental y la educaci\u00f3n sanitaria.<\/p>\n<p style=\"text-align: justify;\"><span style=\"color: #0000ff;\">Vuelve el turismo franc\u00e9s a la antigua ciudad de Palmira<\/span><\/p>\n<p style=\"text-align: justify;\">Un grupo integrado por 25 turistas franceses visit\u00f3 las ruinas de la ciudad antigua de Palmira, ubicada a 160 km al este de la ciudad de Homs y conocida como la Perla del Desierto sirio.<\/p>\n<p style=\"text-align: justify;\">Los turistas que en su mayor\u00eda son arque\u00f3logos y especialistas en la historia de la humanidad, conocieron de cerca y documentaron la magnitud de la destrucci\u00f3n causada por los terroristas del Daesh contra los monumentos arqueol\u00f3gicos.<\/p>\n<p style=\"text-align: justify;\">\u201cHe visitado a Palmira en repetidas ocasiones y la conozco muy bien por mi trabajo en el campo de excavaci\u00f3n arqueol\u00f3gica. Esta vez me doli\u00f3 lo que vi de destrucci\u00f3n que causaron los enemigos de la humanidad en las antig\u00fcedades, las viviendas y hasta en los \u00e1rboles\u201d, lament\u00f3 un arqueol\u00f3gico franc\u00e9s en declaraciones al reportero de SANA.<\/p>\n<p style=\"text-align: justify;\">Los turistas expresaron su alegr\u00eda por visitar a Palmira y su profundo pesar por los cr\u00edmenes de sabotaje perpetrados deliberadamente por los terroristas.<\/p>\n<p style=\"text-align: justify;\">Instaron al mundo para contribuir al proceso de restauraci\u00f3n de los monumentos afectados, ya que este patrimonio hist\u00f3rico y arqueol\u00f3gico sirio corresponde a toda la humanidad.<\/p>\n<p style=\"text-align: justify;\">Esta misma semana, un grupo de turistas alemanes visitaron la hist\u00f3rica ciudad de Palmira.<\/p>\n<p style=\"text-align: justify;\">El jefe del Departamento de Gu\u00edas Tur\u00edsticos en la Federaci\u00f3n de C\u00e1maras de Turismo de Siria, hab\u00eda comentado que turistas de diferentes nacionalidades extranjeras han comenzado a visitar a Siria y hay otros que se est\u00e1n preparando para visitar a Siria para conocer de cerca sus sitios arqueol\u00f3gicos, tur\u00edsticos y culturales.<\/p>\n<p style=\"text-align: justify;\"><span style=\"color: #0000ff;\">Turistas alemanes visitan la antigua ciudad de Palmira.<\/span><\/p>\n<p style=\"text-align: justify;\">En un nuevo indicador del regreso de turismo europeo a Siria tras varios a\u00f1os de interrupci\u00f3n a consecuencia de la guerra terrorista, un grupo de turistas alemanes visitaron la hist\u00f3rica ciudad de Palmira, conocida como la &#8220;Perla del Desierto Sirio&#8221;.<\/p>\n<p style=\"text-align: justify;\">Los turistas recorrieron los principales monumentos hist\u00f3ricos y documentaron la destrucci\u00f3n causada por los terroristas del Daesh que durante su ocupaci\u00f3n de Palmira, procedieron a dinamitar el antiguo templo Bel, la fachada del anfiteatro romano y el tetr\u00e1pilo.<\/p>\n<p style=\"text-align: justify;\">Algunos integrantes del grupo que incluye a arque\u00f3logos, acad\u00e9micos y profesores, lamentaron la destrucci\u00f3n y la tacharon de un crimen contra la cultura, el patrimonio y la historia humana.<\/p>\n<p style=\"text-align: justify;\">Imad al-Din Assaf, jefe del Departamento de Gu\u00edas Tur\u00edsticos en la Federaci\u00f3n de C\u00e1maras de Turismo de Siria, coment\u00f3 que &#8220;esos turistas se sienten muy orgullosos de ser los primeros turistas alemanes que visitan a Siria despu\u00e9s de la instauraci\u00f3n de la seguridad y la estabilidad en la mayor parte de su territorio.<\/p>\n<p style=\"text-align: justify;\">Assaf se\u00f1al\u00f3 que turistas de diferentes nacionalidades extranjeras han comenzado a visitar a Siria y hay otros que se est\u00e1n preparando para visitar a Siria para conocer de cerca sus sitios arqueol\u00f3gicos, tur\u00edsticos y culturales.<\/p>\n<p><span style=\"color: #0000ff;\">F. Marouf\/ R. Rashed\u00a0<\/span><\/p>\n","protected":false},"excerpt":{"rendered":"<p>Damasco, SANA Las autoridades sirias despliegan esfuerzos excepcionales para la recuperaci\u00f3n de sus sectores de salud y turismo. Durante la \u00faltima semana, varios grupos de turistas europeos visitaron los sitios hist\u00f3ricos del pa\u00eds, mientras el Ministerio de Salud sirio celebr\u00f3 el D\u00eda Mundial de Atenci\u00f3n Primaria: Siria celebra el D\u00eda mundial de Salud con empe\u00f1os &hellip;<\/p>\n","protected":false},"author":31,"featured_media":104653,"comment_status":"closed","ping_status":"closed","sticky":false,"template":"","format":"standard","meta":{"footnotes":""},"categories":[597,476,7541],"tags":[15024],"class_list":["post-104652","post","type-post","status-publish","format-standard","has-post-thumbnail","","category-cinta-de-noticias","category-locales","category-ultimas-noticias","tag-siria-se-empena-para-recuperar-sus-indices-de-salud-y-turismo"],"_links":{"self":[{"href":"https:\/\/archive.sana.sy\/es\/index.php?rest_route=\/wp\/v2\/posts\/104652"}],"collection":[{"href":"https:\/\/archive.sana.sy\/es\/index.php?rest_route=\/wp\/v2\/posts"}],"about":[{"href":"https:\/\/archive.sana.sy\/es\/index.php?rest_route=\/wp\/v2\/types\/post"}],"author":[{"embeddable":true,"href":"https:\/\/archive.sana.sy\/es\/index.php?rest_route=\/wp\/v2\/users\/31"}],"replies":[{"embeddable":true,"href":"https:\/\/archive.sana.sy\/es\/index.php?rest_route=%2Fwp%2Fv2%2Fcomments&post=104652"}],"version-history":[{"count":0,"href":"https:\/\/archive.sana.sy\/es\/index.php?rest_route=\/wp\/v2\/posts\/104652\/revisions"}],"wp:featuredmedia":[{"embeddable":true,"href":"https:\/\/archive.sana.sy\/es\/index.php?rest_route=\/wp\/v2\/media\/104653"}],"wp:attachment":[{"href":"https:\/\/archive.sana.sy\/es\/index.php?rest_route=%2Fwp%2Fv2%2Fmedia&parent=104652"}],"wp:term":[{"taxonomy":"category","embeddable":true,"href":"https:\/\/archive.sana.sy\/es\/index.php?rest_route=%2Fwp%2Fv2%2Fcategories&post=104652"},{"taxonomy":"post_tag","embeddable":true,"href":"https:\/\/archive.sana.sy\/es\/index.php?rest_route=%2Fwp%2Fv2%2Ftags&post=104652"}],"curies":[{"name":"wp","href":"https:\/\/api.w.org\/{rel}","templated":true}]}}