{"id":104657,"date":"2019-04-14T13:30:46","date_gmt":"2019-04-14T10:30:46","guid":{"rendered":"https:\/\/sana.sy\/es\/?p=104657"},"modified":"2019-08-21T22:19:56","modified_gmt":"2019-08-21T19:19:56","slug":"presidente-al-assad-recibe-al-asesor-de-seguridad-nacional-de-irak","status":"publish","type":"post","link":"https:\/\/archive.sana.sy\/es\/?p=104657","title":{"rendered":"Presidente al-Assad recibi\u00f3 al Asesor de Seguridad Nacional de Irak"},"content":{"rendered":"<p><span style=\"color: #800000;\">Damasco, SANA <\/span><\/p>\n<p style=\"text-align: justify;\">El presidente Bashar al-Assad, recibi\u00f3 hoy a Faleh al-Fayadh, Asesor de Seguridad Nacional de Irak.<\/p>\n<p style=\"text-align: justify;\">Las conversaciones durante la reuni\u00f3n abordaron las relaciones bilaterales entre los dos pa\u00edses y la necesidad de desarrollarlas en varios campos, lo cual beneficiar\u00eda a los intereses de los dos pueblos hermanos.<\/p>\n<p style=\"text-align: justify;\">El presidente al-Assad dijo que la consolidaci\u00f3n de las relaciones entre los dos pa\u00edses favorece a los intereses de los dos pueblos hermanos y complementar\u00e1 la erradicaci\u00f3n de los focos terroristas, as\u00ed como servir\u00e1 a sus intereses comunes y romper\u00e1 las creadas barreras impuestas entre ellos.<\/p>\n<p style=\"text-align: justify;\">El mandatario sirio enfatiz\u00f3 que los acontecimientos en la regi\u00f3n y el mundo exigen que los dos pa\u00edses avancen en todo lo que salvaguardar\u00eda su soberan\u00eda y la independencia de su decisi\u00f3n ante los planes de divisi\u00f3n y caos tejidos por los enemigos desde el exterior.<\/p>\n<p style=\"text-align: justify;\">\u201cEl destino de la regi\u00f3n lo deciden sus propios pueblos sean lo que sean los retos y desaf\u00edos\u201d, indic\u00f3 el l\u00edder sirio.<\/p>\n<p style=\"text-align: justify;\">Por su parte, Fayyad dijo que \u201cla fuerza de Siria y su victoria sobre el terrorismo es tambi\u00e9n victoria para Irak, y viceversa\u201d, y agreg\u00f3 que \u201ccualquier logro militar en el lado iraqu\u00ed beneficiar\u00eda la estabilidad de Siria\u201d.<\/p>\n<p><span style=\"color: #0000ff;\">F. Marouf\/ R. Rashed\u00a0<\/span><\/p>\n<p><img decoding=\"async\" src=\"http:\/\/www.sana.sy\/wp-content\/uploads\/2019\/04\/pppppp.jpg\" \/><\/p>\n","protected":false},"excerpt":{"rendered":"<p>Damasco, SANA El presidente Bashar al-Assad, recibi\u00f3 hoy a Faleh al-Fayadh, Asesor de Seguridad Nacional de Irak. Las conversaciones durante la reuni\u00f3n abordaron las relaciones bilaterales entre los dos pa\u00edses y la necesidad de desarrollarlas en varios campos, lo cual beneficiar\u00eda a los intereses de los dos pueblos hermanos. El presidente al-Assad dijo que la &hellip;<\/p>\n","protected":false},"author":31,"featured_media":104658,"comment_status":"closed","ping_status":"closed","sticky":false,"template":"","format":"standard","meta":{"footnotes":""},"categories":[597,16237,583,626],"tags":[15025],"class_list":["post-104657","post","type-post","status-publish","format-standard","has-post-thumbnail","","category-cinta-de-noticias","category-presidence-de-la-republique-arabe-syria","category-slide","category-sr-presidente","tag-presidente-al-assad-recibio-al-asesor-de-seguridad-nacional-de-irak"],"_links":{"self":[{"href":"https:\/\/archive.sana.sy\/es\/index.php?rest_route=\/wp\/v2\/posts\/104657"}],"collection":[{"href":"https:\/\/archive.sana.sy\/es\/index.php?rest_route=\/wp\/v2\/posts"}],"about":[{"href":"https:\/\/archive.sana.sy\/es\/index.php?rest_route=\/wp\/v2\/types\/post"}],"author":[{"embeddable":true,"href":"https:\/\/archive.sana.sy\/es\/index.php?rest_route=\/wp\/v2\/users\/31"}],"replies":[{"embeddable":true,"href":"https:\/\/archive.sana.sy\/es\/index.php?rest_route=%2Fwp%2Fv2%2Fcomments&post=104657"}],"version-history":[{"count":0,"href":"https:\/\/archive.sana.sy\/es\/index.php?rest_route=\/wp\/v2\/posts\/104657\/revisions"}],"wp:featuredmedia":[{"embeddable":true,"href":"https:\/\/archive.sana.sy\/es\/index.php?rest_route=\/wp\/v2\/media\/104658"}],"wp:attachment":[{"href":"https:\/\/archive.sana.sy\/es\/index.php?rest_route=%2Fwp%2Fv2%2Fmedia&parent=104657"}],"wp:term":[{"taxonomy":"category","embeddable":true,"href":"https:\/\/archive.sana.sy\/es\/index.php?rest_route=%2Fwp%2Fv2%2Fcategories&post=104657"},{"taxonomy":"post_tag","embeddable":true,"href":"https:\/\/archive.sana.sy\/es\/index.php?rest_route=%2Fwp%2Fv2%2Ftags&post=104657"}],"curies":[{"name":"wp","href":"https:\/\/api.w.org\/{rel}","templated":true}]}}