{"id":104662,"date":"2019-04-14T14:11:00","date_gmt":"2019-04-14T11:11:00","guid":{"rendered":"https:\/\/sana.sy\/es\/?p=104662"},"modified":"2019-04-14T14:54:30","modified_gmt":"2019-04-14T11:54:30","slug":"un-nino-muere-en-explosion-de-bomba-dejada-por-terroristas-en-alepo","status":"publish","type":"post","link":"https:\/\/archive.sana.sy\/es\/?p=104662","title":{"rendered":"Un ni\u00f1o muere en explosi\u00f3n de bomba dejada por terroristas en Alepo"},"content":{"rendered":"<p><span style=\"color: #800000;\">Alepo, SANA<\/span><\/p>\n<p>Un ni\u00f1o perdi\u00f3 la vida y otros 2 resultaron heridos al estallarse una mina dejada por los terroristas en el barrio Sukkari, en la ciudad de Alepo.<\/p>\n<p>La Polic\u00eda de Alepo inform\u00f3 que los dos ni\u00f1os fueron trasladados al hospital universitario donde se le prest\u00f3 la atenci\u00f3n m\u00e9dica necesaria.<\/p>\n<p>Hace dos d\u00edas, dos ni\u00f1os murieron y otros cinco resultaron heridos en la explosi\u00f3n de una mina remanente de los terroristas en el barrio de Hamadanieh, en la ciudad de Alepo.<\/p>\n<p><span style=\"color: #0000ff;\">R. Rashed\/ F. Marouf\u00a0<\/span><\/p>\n","protected":false},"excerpt":{"rendered":"<p>Alepo, SANA Un ni\u00f1o perdi\u00f3 la vida y otros 2 resultaron heridos al estallarse una mina dejada por los terroristas en el barrio Sukkari, en la ciudad de Alepo. La Polic\u00eda de Alepo inform\u00f3 que los dos ni\u00f1os fueron trasladados al hospital universitario donde se le prest\u00f3 la atenci\u00f3n m\u00e9dica necesaria. Hace dos d\u00edas, dos &hellip;<\/p>\n","protected":false},"author":31,"featured_media":104672,"comment_status":"closed","ping_status":"closed","sticky":false,"template":"","format":"standard","meta":{"footnotes":""},"categories":[597,573,7541],"tags":[15026],"class_list":["post-104662","post","type-post","status-publish","format-standard","has-post-thumbnail","","category-cinta-de-noticias","category-la-realidad-de-los-acontecimientos-en-siria","category-ultimas-noticias","tag-un-nino-muere-en-explosion-de-bomba-dejada-por-terroristas-en-alepo"],"_links":{"self":[{"href":"https:\/\/archive.sana.sy\/es\/index.php?rest_route=\/wp\/v2\/posts\/104662"}],"collection":[{"href":"https:\/\/archive.sana.sy\/es\/index.php?rest_route=\/wp\/v2\/posts"}],"about":[{"href":"https:\/\/archive.sana.sy\/es\/index.php?rest_route=\/wp\/v2\/types\/post"}],"author":[{"embeddable":true,"href":"https:\/\/archive.sana.sy\/es\/index.php?rest_route=\/wp\/v2\/users\/31"}],"replies":[{"embeddable":true,"href":"https:\/\/archive.sana.sy\/es\/index.php?rest_route=%2Fwp%2Fv2%2Fcomments&post=104662"}],"version-history":[{"count":0,"href":"https:\/\/archive.sana.sy\/es\/index.php?rest_route=\/wp\/v2\/posts\/104662\/revisions"}],"wp:featuredmedia":[{"embeddable":true,"href":"https:\/\/archive.sana.sy\/es\/index.php?rest_route=\/wp\/v2\/media\/104672"}],"wp:attachment":[{"href":"https:\/\/archive.sana.sy\/es\/index.php?rest_route=%2Fwp%2Fv2%2Fmedia&parent=104662"}],"wp:term":[{"taxonomy":"category","embeddable":true,"href":"https:\/\/archive.sana.sy\/es\/index.php?rest_route=%2Fwp%2Fv2%2Fcategories&post=104662"},{"taxonomy":"post_tag","embeddable":true,"href":"https:\/\/archive.sana.sy\/es\/index.php?rest_route=%2Fwp%2Fv2%2Ftags&post=104662"}],"curies":[{"name":"wp","href":"https:\/\/api.w.org\/{rel}","templated":true}]}}