{"id":104729,"date":"2019-04-15T16:20:53","date_gmt":"2019-04-15T13:20:53","guid":{"rendered":"https:\/\/www.sana.sy\/es\/?p=104729"},"modified":"2019-04-15T16:20:53","modified_gmt":"2019-04-15T13:20:53","slug":"nuestra-paciencia-ante-la-presencia-de-terroristas-en-idleb-se-agotara","status":"publish","type":"post","link":"https:\/\/archive.sana.sy\/es\/?p=104729","title":{"rendered":"Nuestra paciencia ante la presencia de terroristas en Idleb se agotar\u00e1"},"content":{"rendered":"<p style=\"text-align: justify;\"><span style=\"color: #800000;\">Mosc\u00fa, SANA<\/span><\/p>\n<p style=\"text-align: justify;\">El viceministro de Asuntos Exteriores de Rusia para Asuntos de Contraterrorismo, Oleg Seromolotov, afirm\u00f3 que &#8220;su pa\u00eds ha declarado en repetidas ocasiones que su paciencia finalmente se agotar\u00e1 ante la presencia de terroristas en Idleb.&#8221;<\/p>\n<p style=\"text-align: justify;\">Seromolotov dijo hoy a la agencia Rusia Sivodnya\u00a0 que la situaci\u00f3n en Idleb est\u00e1 sujeta a un memorando de entendimiento entre Rusia y el r\u00e9gimen turco, cuya implementaci\u00f3n deber\u00eda llevar a la eliminaci\u00f3n de la presencia terrorista, se\u00f1alando que el ej\u00e9rcito\u00a0 sirio lleva acabo medidas para una operaci\u00f3n de gran envergadura contra el terrorismo en la zona.<\/p>\n<p style=\"text-align: justify;\">Seromolotov explic\u00f3 que &#8220;Idleb se ha convertido en un centro para los restos del &#8220;Frente de Al Nusra&#8221;, cuyos militantes est\u00e1n lanzando ataques en \u00e1reas vecinas, por lo tanto, continuaremos nuestra cooperaci\u00f3n en este memorando para resolver este problema.&#8221;<\/p>\n<p style=\"text-align: justify;\">Rusia ha subrayado m\u00e1s de una vez la necesidad de eliminar a las organizaciones terroristas en Idlib y considera que la situaci\u00f3n en la provincia es &#8220;muy grave&#8221; y no se puede permitir que contin\u00fae, y exigi\u00f3 al r\u00e9gimen turco que cumpla con sus compromisos al respecto.<\/p>\n<p style=\"text-align: justify;\"><span style=\"color: #0000ff;\">E. Dubian\/ Riad Sh.<\/span><\/p>\n","protected":false},"excerpt":{"rendered":"<p>Mosc\u00fa, SANA El viceministro de Asuntos Exteriores de Rusia para Asuntos de Contraterrorismo, Oleg Seromolotov, afirm\u00f3 que &#8220;su pa\u00eds ha declarado en repetidas ocasiones que su paciencia finalmente se agotar\u00e1 ante la presencia de terroristas en Idleb.&#8221; Seromolotov dijo hoy a la agencia Rusia Sivodnya\u00a0 que la situaci\u00f3n en Idleb est\u00e1 sujeta a un memorando &hellip;<\/p>\n","protected":false},"author":32,"featured_media":104730,"comment_status":"closed","ping_status":"closed","sticky":false,"template":"","format":"standard","meta":{"footnotes":""},"categories":[597,467,7541],"tags":[15037],"class_list":["post-104729","post","type-post","status-publish","format-standard","has-post-thumbnail","","category-cinta-de-noticias","category-siria-y-el-mundo","category-ultimas-noticias","tag-nuestra-paciencia-ante-la-presencia-de-terroristas-en-idleb-se-agotara"],"_links":{"self":[{"href":"https:\/\/archive.sana.sy\/es\/index.php?rest_route=\/wp\/v2\/posts\/104729"}],"collection":[{"href":"https:\/\/archive.sana.sy\/es\/index.php?rest_route=\/wp\/v2\/posts"}],"about":[{"href":"https:\/\/archive.sana.sy\/es\/index.php?rest_route=\/wp\/v2\/types\/post"}],"author":[{"embeddable":true,"href":"https:\/\/archive.sana.sy\/es\/index.php?rest_route=\/wp\/v2\/users\/32"}],"replies":[{"embeddable":true,"href":"https:\/\/archive.sana.sy\/es\/index.php?rest_route=%2Fwp%2Fv2%2Fcomments&post=104729"}],"version-history":[{"count":0,"href":"https:\/\/archive.sana.sy\/es\/index.php?rest_route=\/wp\/v2\/posts\/104729\/revisions"}],"wp:featuredmedia":[{"embeddable":true,"href":"https:\/\/archive.sana.sy\/es\/index.php?rest_route=\/wp\/v2\/media\/104730"}],"wp:attachment":[{"href":"https:\/\/archive.sana.sy\/es\/index.php?rest_route=%2Fwp%2Fv2%2Fmedia&parent=104729"}],"wp:term":[{"taxonomy":"category","embeddable":true,"href":"https:\/\/archive.sana.sy\/es\/index.php?rest_route=%2Fwp%2Fv2%2Fcategories&post=104729"},{"taxonomy":"post_tag","embeddable":true,"href":"https:\/\/archive.sana.sy\/es\/index.php?rest_route=%2Fwp%2Fv2%2Ftags&post=104729"}],"curies":[{"name":"wp","href":"https:\/\/api.w.org\/{rel}","templated":true}]}}