{"id":104739,"date":"2019-04-15T21:00:11","date_gmt":"2019-04-15T18:00:11","guid":{"rendered":"https:\/\/www.sana.sy\/es\/?p=104739"},"modified":"2019-04-15T23:02:59","modified_gmt":"2019-04-15T20:02:59","slug":"meqdad-recibe-delegacion-del-consejo-supremo-de-iglesias-palestinas","status":"publish","type":"post","link":"https:\/\/archive.sana.sy\/es\/?p=104739","title":{"rendered":"Mekdad recibe delegaci\u00f3n del Comit\u00e9 para Asuntos de las Iglesias en Palestina"},"content":{"rendered":"<p><span style=\"color: #800000;\">Damasco-SANA<\/span><\/p>\n<p style=\"text-align: justify;\">El Viceministro de Exteriores y Expatriados, Faisal Mekdad, recibi\u00f3 hoy en esta capital, a Ramzi Khoury, Presidente del Alto Comit\u00e9 Presidencial para Asuntos de las Iglesias en Palestina, y la delegaci\u00f3n que le acompa\u00f1a.<\/p>\n<p style=\"text-align: justify;\">\u201cDamasco respalda al hermano pueblo palestino en su lucha por sus leg\u00edtimos e innegociables derechos, incluido su derecho al retorno, a la autodeterminaci\u00f3n y al establecimiento de su estado independiente, con Jerusal\u00e9n de capital\u201d, dijo el vicecanciller sirio.<\/p>\n<p style=\"text-align: justify;\">Agreg\u00f3 que Palestina necesita m\u00e1s que nunca la unidad para enfrentar los desaf\u00edos que amenazan su existencia y sus derechos.<\/p>\n<p style=\"text-align: justify;\">Por su parte, el dirigente palestino explic\u00f3 que el prop\u00f3sito de la visita de la delegaci\u00f3n a Siria es aunar los esfuerzos sirio-palestinos ante el llamado \u201cTrato del Siglo\u201d que EE.UU trata de promover.<\/p>\n<p><span style=\"color: #0000ff;\">R. R. \/ Y. K. \/ F. M.<\/span><\/p>\n<p><img decoding=\"async\" src=\"http:\/\/www.sana.sy\/wp-content\/uploads\/2019\/04\/30-24.jpg\" \/><\/p>\n<p><img decoding=\"async\" src=\"http:\/\/www.sana.sy\/wp-content\/uploads\/2019\/04\/31-9.jpg\" \/><\/p>\n","protected":false},"excerpt":{"rendered":"<p>Damasco-SANA El Viceministro de Exteriores y Expatriados, Faisal Mekdad, recibi\u00f3 hoy en esta capital, a Ramzi Khoury, Presidente del Alto Comit\u00e9 Presidencial para Asuntos de las Iglesias en Palestina, y la delegaci\u00f3n que le acompa\u00f1a. \u201cDamasco respalda al hermano pueblo palestino en su lucha por sus leg\u00edtimos e innegociables derechos, incluido su derecho al retorno, &hellip;<\/p>\n","protected":false},"author":32,"featured_media":104740,"comment_status":"closed","ping_status":"closed","sticky":false,"template":"","format":"standard","meta":{"footnotes":""},"categories":[597,476,7541],"tags":[15039],"class_list":["post-104739","post","type-post","status-publish","format-standard","has-post-thumbnail","","category-cinta-de-noticias","category-locales","category-ultimas-noticias","tag-meqdad-recibe-delegacion-del-consejo-supremo-de-iglesias-palestinas"],"_links":{"self":[{"href":"https:\/\/archive.sana.sy\/es\/index.php?rest_route=\/wp\/v2\/posts\/104739"}],"collection":[{"href":"https:\/\/archive.sana.sy\/es\/index.php?rest_route=\/wp\/v2\/posts"}],"about":[{"href":"https:\/\/archive.sana.sy\/es\/index.php?rest_route=\/wp\/v2\/types\/post"}],"author":[{"embeddable":true,"href":"https:\/\/archive.sana.sy\/es\/index.php?rest_route=\/wp\/v2\/users\/32"}],"replies":[{"embeddable":true,"href":"https:\/\/archive.sana.sy\/es\/index.php?rest_route=%2Fwp%2Fv2%2Fcomments&post=104739"}],"version-history":[{"count":0,"href":"https:\/\/archive.sana.sy\/es\/index.php?rest_route=\/wp\/v2\/posts\/104739\/revisions"}],"wp:featuredmedia":[{"embeddable":true,"href":"https:\/\/archive.sana.sy\/es\/index.php?rest_route=\/wp\/v2\/media\/104740"}],"wp:attachment":[{"href":"https:\/\/archive.sana.sy\/es\/index.php?rest_route=%2Fwp%2Fv2%2Fmedia&parent=104739"}],"wp:term":[{"taxonomy":"category","embeddable":true,"href":"https:\/\/archive.sana.sy\/es\/index.php?rest_route=%2Fwp%2Fv2%2Fcategories&post=104739"},{"taxonomy":"post_tag","embeddable":true,"href":"https:\/\/archive.sana.sy\/es\/index.php?rest_route=%2Fwp%2Fv2%2Ftags&post=104739"}],"curies":[{"name":"wp","href":"https:\/\/api.w.org\/{rel}","templated":true}]}}