{"id":10475,"date":"2014-10-04T14:59:00","date_gmt":"2014-10-04T11:59:00","guid":{"rendered":"http:\/\/sanasyria.org\/es\/?p=10475"},"modified":"2014-10-04T14:59:52","modified_gmt":"2014-10-04T11:59:52","slug":"al-mekdad-denuncia-que-el-gobierno-turco-es-uno-de-los-patrocinadores-reales-del-terrorismo-en-la-region","status":"publish","type":"post","link":"https:\/\/archive.sana.sy\/es\/?p=10475","title":{"rendered":"Al-Mekdad denuncia que el gobierno turco es uno de los patrocinadores reales del terrorismo en la regi\u00f3n"},"content":{"rendered":"<p>Beirut, SANA<\/p>\n<p>El vicecanciller, Faisal al-Mekdad, afirm\u00f3 que la alegaci\u00f3n del gobierno turco de participar en la guerra contra la organizaci\u00f3n terrorista del \u201cEI\u201d, es una \u201cgran mentira\u201d, ya que este gobierno ha sido uno de los patrocinadores reales del terrorismo en la regi\u00f3n, recordando que Erdogan y su gobierno no ocultaron desde el inicio de la crisis siria, sus ambiciones otomanas.<\/p>\n<p>En un art\u00edculo difundido este s\u00e1bado en el diario liban\u00e9s \u201cal-Binaa\u201d bajo el t\u00edtulo \u201cel gobierno de Erdogan apoya al terrorismo y lucha en su contra\u201d, el viceministro de Exteriores sirio se\u00f1al\u00f3 que \u201cel gobierno de Erdogan busca enga\u00f1ar al mundo y obtener su autorizaci\u00f3n de librar una arremetida contra el \u201cEI\u201d, con el fin de justificar su guerra contra Siria bajo el pretexto de \u201ccambiar el r\u00e9gimen\u201d.<\/p>\n<p>Al-Mekdad denunci\u00f3 que todas las organizaciones terroristas fueron creadas en Turqu\u00eda bajo supervisi\u00f3n de Erdogan y su gobierno, y ahora se han convertido en formaciones como el \u201cEI\u201d y el \u201cFrente al-Nusra\u201d, subrayando que la implicaci\u00f3n de gobiernos occidentales y \u00e1rabes en el derramamiento de la sangre de los sirios no hubiera tenido lugar sin el papel sospechoso del gobierno turco.<\/p>\n<p>El alto diplom\u00e1tico sirio mencion\u00f3 varios incidentes que apuntan a los v\u00ednculos entre el gobierno de Erdogan y los terroristas, entre los cuales figura el papel de intermediaci\u00f3n que jug\u00f3 Turqu\u00eda en todos los casos de liberaci\u00f3n de rehenes secuestrados por los grupos terroristas.<\/p>\n<p>Adem\u00e1s, recalc\u00f3 que \u201cla lucha real contra el terrorismo se realiza solamente cuando el gobierno de Erdogan deje de apoyo al terrorismo y cierre el mercado del petr\u00f3leo saqueado de Siria e Irak, y cumplir con las resoluciones del Consejo de Seguridad de la ONU al respecto\u201d.<\/p>\n<p>Al-Mekdad advirti\u00f3 que el \u201csue\u00f1o m\u00edtico\u201d de Erdogan, igual que el sue\u00f1o sionista en Palestina, conllevar\u00e1 a la destrucci\u00f3n de toda la regi\u00f3n, especialmente a los pueblos y ej\u00e9rcitos, sirio y turco.<\/p>\n<p>Al-Mekdad se\u00f1al\u00f3 que el fascismo cay\u00f3 en la guerra mundial ya que Stalingrado cambi\u00f3 su curso; \u201ccada aldea y ciudad de Siria es m\u00e1s de Stalingrado\u201d, ratific\u00f3.<br \/>\nLynn A., Fady M.<\/p>\n","protected":false},"excerpt":{"rendered":"<p>Beirut, SANA El vicecanciller, Faisal al-Mekdad, afirm\u00f3 que la alegaci\u00f3n del gobierno turco de participar en la guerra contra la organizaci\u00f3n terrorista del \u201cEI\u201d, es una \u201cgran mentira\u201d, ya que este gobierno ha sido uno de los patrocinadores reales del terrorismo en la regi\u00f3n, recordando que Erdogan y su gobierno no ocultaron desde el inicio &hellip;<\/p>\n","protected":false},"author":24,"featured_media":9211,"comment_status":"closed","ping_status":"closed","sticky":false,"template":"","format":"standard","meta":{"footnotes":""},"categories":[555,597,576],"tags":[2332],"class_list":["post-10475","post","type-post","status-publish","format-standard","has-post-thumbnail","","category-prensa","category-cinta-de-noticias","category-noticias-politicas","tag-al-mekdad-denuncia-que-el-gobierno-turco-es-uno-de-los-patrocinadores-reales-del-terrorismo-en-la-region"],"_links":{"self":[{"href":"https:\/\/archive.sana.sy\/es\/index.php?rest_route=\/wp\/v2\/posts\/10475"}],"collection":[{"href":"https:\/\/archive.sana.sy\/es\/index.php?rest_route=\/wp\/v2\/posts"}],"about":[{"href":"https:\/\/archive.sana.sy\/es\/index.php?rest_route=\/wp\/v2\/types\/post"}],"author":[{"embeddable":true,"href":"https:\/\/archive.sana.sy\/es\/index.php?rest_route=\/wp\/v2\/users\/24"}],"replies":[{"embeddable":true,"href":"https:\/\/archive.sana.sy\/es\/index.php?rest_route=%2Fwp%2Fv2%2Fcomments&post=10475"}],"version-history":[{"count":0,"href":"https:\/\/archive.sana.sy\/es\/index.php?rest_route=\/wp\/v2\/posts\/10475\/revisions"}],"wp:featuredmedia":[{"embeddable":true,"href":"https:\/\/archive.sana.sy\/es\/index.php?rest_route=\/wp\/v2\/media\/9211"}],"wp:attachment":[{"href":"https:\/\/archive.sana.sy\/es\/index.php?rest_route=%2Fwp%2Fv2%2Fmedia&parent=10475"}],"wp:term":[{"taxonomy":"category","embeddable":true,"href":"https:\/\/archive.sana.sy\/es\/index.php?rest_route=%2Fwp%2Fv2%2Fcategories&post=10475"},{"taxonomy":"post_tag","embeddable":true,"href":"https:\/\/archive.sana.sy\/es\/index.php?rest_route=%2Fwp%2Fv2%2Ftags&post=10475"}],"curies":[{"name":"wp","href":"https:\/\/api.w.org\/{rel}","templated":true}]}}