{"id":104773,"date":"2019-04-16T10:19:22","date_gmt":"2019-04-16T07:19:22","guid":{"rendered":"https:\/\/www.sana.sy\/es\/?p=104773"},"modified":"2019-04-16T12:18:16","modified_gmt":"2019-04-16T09:18:16","slug":"a-un-ano-de-su-liberacion-del-terrorismo-14-centros-medicos-vuelven-a-operar-en-ghouta-oriental","status":"publish","type":"post","link":"https:\/\/archive.sana.sy\/es\/?p=104773","title":{"rendered":"A un a\u00f1o de su liberaci\u00f3n del terrorismo, 14 centros m\u00e9dicos vuelven a operar en Ghouta Oriental"},"content":{"rendered":"<p style=\"text-align: justify;\"><span style=\"color: #800000;\">Damasco, SANA<\/span><\/p>\n<p style=\"text-align: justify;\">Tras la liberaci\u00f3n de Ghouta Oriental del terrorismo, los cuadros del ministerio de Salud fueron los primeros en entrar a las localidades de esta zona ubicada al este de Damasco, para atender y tratar a los casos cr\u00edticos y de emergencia, y responder a las necesidades de los pacientes.<\/p>\n<p style=\"text-align: justify;\">El jefe del Departamento de Salud en la provincia de Damasco-campo, Yassin Nannous, coment\u00f3 que &#8220;inmediatamente despu\u00e9s de la liberaci\u00f3n de Ghouta Oriental, se tomaron medidas para garantizar una \u00f3ptima atenci\u00f3n m\u00e9dica a los pobladores mediante la rehabilitaci\u00f3n de los centros de salud afectados por el terrorismo y suministrarlos con el personal m\u00e9dico, adem\u00e1s de enviar cl\u00ednicas m\u00f3viles&#8221;.<\/p>\n<p style=\"text-align: justify;\">Revel\u00f3 que 14 centros m\u00e9dicos fueron reabiertos durante el a\u00f1o pasado mientras otros 14 centros y tres hospitales est\u00e1n siendo ejecutados y pronto se pondr\u00e1n en servicio.<\/p>\n<p style=\"text-align: justify;\">&#8220;Los servicios m\u00e9dicos prestados durante el a\u00f1o pasado incluyeron m\u00e1s de 85 mil servicios de vacunas rutinarias para ni\u00f1os, monitoreo nutricional para 97 mil personas, mientras 83 personas se beneficiaron de los servicios de salud materna y del apoyo psicosocial&#8221;, detall\u00f3.<\/p>\n<p style=\"text-align: justify;\"><span style=\"color: #0000ff;\">F. Marouf\/ E. Dubian<\/span><\/p>\n","protected":false},"excerpt":{"rendered":"<p>Damasco, SANA Tras la liberaci\u00f3n de Ghouta Oriental del terrorismo, los cuadros del ministerio de Salud fueron los primeros en entrar a las localidades de esta zona ubicada al este de Damasco, para atender y tratar a los casos cr\u00edticos y de emergencia, y responder a las necesidades de los pacientes. El jefe del Departamento &hellip;<\/p>\n","protected":false},"author":32,"featured_media":104774,"comment_status":"closed","ping_status":"closed","sticky":false,"template":"","format":"standard","meta":{"footnotes":""},"categories":[597,476,7541],"tags":[15042],"class_list":["post-104773","post","type-post","status-publish","format-standard","has-post-thumbnail","","category-cinta-de-noticias","category-locales","category-ultimas-noticias","tag-a-un-ano-de-su-liberacion-del-terrorismo-14-centros-medicos-vuelven-a-operar-en-ghouta-oriental"],"_links":{"self":[{"href":"https:\/\/archive.sana.sy\/es\/index.php?rest_route=\/wp\/v2\/posts\/104773"}],"collection":[{"href":"https:\/\/archive.sana.sy\/es\/index.php?rest_route=\/wp\/v2\/posts"}],"about":[{"href":"https:\/\/archive.sana.sy\/es\/index.php?rest_route=\/wp\/v2\/types\/post"}],"author":[{"embeddable":true,"href":"https:\/\/archive.sana.sy\/es\/index.php?rest_route=\/wp\/v2\/users\/32"}],"replies":[{"embeddable":true,"href":"https:\/\/archive.sana.sy\/es\/index.php?rest_route=%2Fwp%2Fv2%2Fcomments&post=104773"}],"version-history":[{"count":0,"href":"https:\/\/archive.sana.sy\/es\/index.php?rest_route=\/wp\/v2\/posts\/104773\/revisions"}],"wp:featuredmedia":[{"embeddable":true,"href":"https:\/\/archive.sana.sy\/es\/index.php?rest_route=\/wp\/v2\/media\/104774"}],"wp:attachment":[{"href":"https:\/\/archive.sana.sy\/es\/index.php?rest_route=%2Fwp%2Fv2%2Fmedia&parent=104773"}],"wp:term":[{"taxonomy":"category","embeddable":true,"href":"https:\/\/archive.sana.sy\/es\/index.php?rest_route=%2Fwp%2Fv2%2Fcategories&post=104773"},{"taxonomy":"post_tag","embeddable":true,"href":"https:\/\/archive.sana.sy\/es\/index.php?rest_route=%2Fwp%2Fv2%2Ftags&post=104773"}],"curies":[{"name":"wp","href":"https:\/\/api.w.org\/{rel}","templated":true}]}}