{"id":104799,"date":"2019-04-16T12:15:53","date_gmt":"2019-04-16T09:15:53","guid":{"rendered":"https:\/\/www.sana.sy\/es\/?p=104799"},"modified":"2019-08-21T22:19:20","modified_gmt":"2019-08-21T19:19:20","slug":"el-presidente-al-assad-acepta-las-credenciales-de-los-embajadores-de-india-y-brasil","status":"publish","type":"post","link":"https:\/\/archive.sana.sy\/es\/?p=104799","title":{"rendered":"Embajadores de Brasil y la India entregaron sus cartas credenciales al presidente al-Assad"},"content":{"rendered":"<p style=\"text-align: justify;\"><span style=\"color: #800000;\">Damasco, SANA<\/span><\/p>\n<p style=\"text-align: justify;\">El presidente Bashar al-Assad, recibi\u00f3 hoy las cartas credenciales del Dr. Hafiz Rahman, como Embajador de la Rep\u00fablica de India, y de Fabio Vaz Pitaluga, como Embajador de la Rep\u00fablica Federal de Brasil, ante la Rep\u00fablica \u00c1rabe Siria.<\/p>\n<p style=\"text-align: justify;\">El presidente al-Assad recibi\u00f3 por separado a ambos embajadores, y les dese\u00f3 \u00e9xito en sus misiones diplom\u00e1ticas.<\/p>\n<p style=\"text-align: justify;\">La ceremonia cont\u00f3 con la presencia del Viceprimer Ministro y Ministro de Exteriores y Expatriados, Walid al-Moallem, y el Ministro de Asuntos Presidenciales, Mansour Azzam.<\/p>\n<div id='gallery-1' class='gallery galleryid-104799 gallery-columns-1 gallery-size-full'><figure class='gallery-item'>\n\t\t\t<div class='gallery-icon landscape'>\n\t\t\t\t<a href='https:\/\/archive.sana.sy\/es\/wp-content\/uploads\/2019\/04\/2-159.jpg'><img loading=\"lazy\" decoding=\"async\" width=\"660\" height=\"439\" src=\"https:\/\/archive.sana.sy\/es\/wp-content\/uploads\/2019\/04\/2-159.jpg\" class=\"attachment-full size-full\" alt=\"\" srcset=\"https:\/\/archive.sana.sy\/es\/wp-content\/uploads\/2019\/04\/2-159.jpg 660w, https:\/\/archive.sana.sy\/es\/wp-content\/uploads\/2019\/04\/2-159-150x100.jpg 150w, https:\/\/archive.sana.sy\/es\/wp-content\/uploads\/2019\/04\/2-159-300x200.jpg 300w, https:\/\/archive.sana.sy\/es\/wp-content\/uploads\/2019\/04\/2-159-310x205.jpg 310w\" sizes=\"(max-width: 660px) 100vw, 660px\" \/><\/a>\n\t\t\t<\/div><\/figure><figure class='gallery-item'>\n\t\t\t<div class='gallery-icon landscape'>\n\t\t\t\t<a href='https:\/\/archive.sana.sy\/es\/wp-content\/uploads\/2019\/04\/1-190-1.jpg'><img loading=\"lazy\" decoding=\"async\" width=\"660\" height=\"357\" src=\"https:\/\/archive.sana.sy\/es\/wp-content\/uploads\/2019\/04\/1-190-1.jpg\" class=\"attachment-full size-full\" alt=\"\" srcset=\"https:\/\/archive.sana.sy\/es\/wp-content\/uploads\/2019\/04\/1-190-1.jpg 660w, https:\/\/archive.sana.sy\/es\/wp-content\/uploads\/2019\/04\/1-190-1-150x81.jpg 150w, https:\/\/archive.sana.sy\/es\/wp-content\/uploads\/2019\/04\/1-190-1-300x162.jpg 300w\" sizes=\"(max-width: 660px) 100vw, 660px\" \/><\/a>\n\t\t\t<\/div><\/figure><figure class='gallery-item'>\n\t\t\t<div class='gallery-icon landscape'>\n\t\t\t\t<a href='https:\/\/archive.sana.sy\/es\/wp-content\/uploads\/2019\/04\/2-157.jpg'><img loading=\"lazy\" decoding=\"async\" width=\"660\" height=\"345\" src=\"https:\/\/archive.sana.sy\/es\/wp-content\/uploads\/2019\/04\/2-157.jpg\" class=\"attachment-full size-full\" alt=\"\" srcset=\"https:\/\/archive.sana.sy\/es\/wp-content\/uploads\/2019\/04\/2-157.jpg 660w, https:\/\/archive.sana.sy\/es\/wp-content\/uploads\/2019\/04\/2-157-150x78.jpg 150w, https:\/\/archive.sana.sy\/es\/wp-content\/uploads\/2019\/04\/2-157-300x157.jpg 300w\" sizes=\"(max-width: 660px) 100vw, 660px\" \/><\/a>\n\t\t\t<\/div><\/figure>\n\t\t<\/div>\n\n<p>&nbsp;<\/p>\n<p style=\"text-align: justify;\"><span style=\"color: #0000ff;\">F. Marouf\/ E. Dubian<\/span><\/p>\n","protected":false},"excerpt":{"rendered":"<p>Damasco, SANA El presidente Bashar al-Assad, recibi\u00f3 hoy las cartas credenciales del Dr. Hafiz Rahman, como Embajador de la Rep\u00fablica de India, y de Fabio Vaz Pitaluga, como Embajador de la Rep\u00fablica Federal de Brasil, ante la Rep\u00fablica \u00c1rabe Siria. El presidente al-Assad recibi\u00f3 por separado a ambos embajadores, y les dese\u00f3 \u00e9xito en sus &hellip;<\/p>\n","protected":false},"author":32,"featured_media":104835,"comment_status":"closed","ping_status":"closed","sticky":false,"template":"","format":"standard","meta":{"footnotes":""},"categories":[597,476,16237,583],"tags":[15047],"class_list":["post-104799","post","type-post","status-publish","format-standard","has-post-thumbnail","","category-cinta-de-noticias","category-locales","category-presidence-de-la-republique-arabe-syria","category-slide","tag-embajadores-de-brasil-y-la-india-entregaron-sus-cartas-credenciales-al-presidente-al-assad"],"_links":{"self":[{"href":"https:\/\/archive.sana.sy\/es\/index.php?rest_route=\/wp\/v2\/posts\/104799"}],"collection":[{"href":"https:\/\/archive.sana.sy\/es\/index.php?rest_route=\/wp\/v2\/posts"}],"about":[{"href":"https:\/\/archive.sana.sy\/es\/index.php?rest_route=\/wp\/v2\/types\/post"}],"author":[{"embeddable":true,"href":"https:\/\/archive.sana.sy\/es\/index.php?rest_route=\/wp\/v2\/users\/32"}],"replies":[{"embeddable":true,"href":"https:\/\/archive.sana.sy\/es\/index.php?rest_route=%2Fwp%2Fv2%2Fcomments&post=104799"}],"version-history":[{"count":0,"href":"https:\/\/archive.sana.sy\/es\/index.php?rest_route=\/wp\/v2\/posts\/104799\/revisions"}],"wp:featuredmedia":[{"embeddable":true,"href":"https:\/\/archive.sana.sy\/es\/index.php?rest_route=\/wp\/v2\/media\/104835"}],"wp:attachment":[{"href":"https:\/\/archive.sana.sy\/es\/index.php?rest_route=%2Fwp%2Fv2%2Fmedia&parent=104799"}],"wp:term":[{"taxonomy":"category","embeddable":true,"href":"https:\/\/archive.sana.sy\/es\/index.php?rest_route=%2Fwp%2Fv2%2Fcategories&post=104799"},{"taxonomy":"post_tag","embeddable":true,"href":"https:\/\/archive.sana.sy\/es\/index.php?rest_route=%2Fwp%2Fv2%2Ftags&post=104799"}],"curies":[{"name":"wp","href":"https:\/\/api.w.org\/{rel}","templated":true}]}}