{"id":104893,"date":"2019-04-17T18:48:07","date_gmt":"2019-04-17T15:48:07","guid":{"rendered":"https:\/\/sana.sy\/es\/?p=104893"},"modified":"2019-04-18T10:51:02","modified_gmt":"2019-04-18T07:51:02","slug":"siria-conmemora-el-73-aniversario-de-su-dia-nacional","status":"publish","type":"post","link":"https:\/\/archive.sana.sy\/es\/?p=104893","title":{"rendered":"Siria conmemora el 73 aniversario de su D\u00eda Nacional"},"content":{"rendered":"<p style=\"text-align: justify;\"><span style=\"color: #800000;\">Damasco, SANA<\/span><\/p>\n<p style=\"text-align: justify;\">Hace 73 a\u00f1os, los sirios lograron la independencia y expulsaron a los ocupantes franceses del suelo de su patria.<\/p>\n<p style=\"text-align: justify;\">Hoy en d\u00eda, los sirios siguen los pasos de sus antepasados \u200by fortifican esta independencia enfrentando a una agresi\u00f3n similar lanzada por grupos terroristas, que en realidad son herramientas y brazos de los colonialistas occidentales.<\/p>\n<p style=\"text-align: justify;\">Tras 25 a\u00f1os de incesante lucha y de enormes sacrificios, los sirios obligaron al ocupante franc\u00e9s a salir humillado y derrota, y anunciar a Siria independiente y libre el d\u00eda 17 de abril de 1946.<\/p>\n<p style=\"text-align: justify;\">El pueblo sirio celebra el 73 aniversario de su independencia en momento en que su Ej\u00e9rcito Nacional est\u00e1 librando una batalla crucial para frustrar la mayor agresi\u00f3n terrorista que ha conocido Siria durante su historia. En esta agresi\u00f3n, participan las fuerzas del viejo y nuevo colonialismo.<\/p>\n<p style=\"text-align: justify;\">Lo que incrementa el glamour de la Independencia este a\u00f1o es el clima de seguridad y estabilidad que reina en la mayor parte del pa\u00eds gracias a las sucesivas victorias logradas por el Ej\u00e9rcito \u00c1rabe Sirio contra el terrorismo<\/p>\n<p><span style=\"color: #0000ff;\">F. Marouf\/ E. Dubian<\/span><\/p>\n","protected":false},"excerpt":{"rendered":"<p>Damasco, SANA Hace 73 a\u00f1os, los sirios lograron la independencia y expulsaron a los ocupantes franceses del suelo de su patria. Hoy en d\u00eda, los sirios siguen los pasos de sus antepasados \u200by fortifican esta independencia enfrentando a una agresi\u00f3n similar lanzada por grupos terroristas, que en realidad son herramientas y brazos de los colonialistas &hellip;<\/p>\n","protected":false},"author":32,"featured_media":104894,"comment_status":"closed","ping_status":"closed","sticky":false,"template":"","format":"standard","meta":{"footnotes":""},"categories":[597,476,7541],"tags":[15053],"class_list":["post-104893","post","type-post","status-publish","format-standard","has-post-thumbnail","","category-cinta-de-noticias","category-locales","category-ultimas-noticias","tag-siria-conmemora-el-73-aniversario-de-su-dia-nacional"],"_links":{"self":[{"href":"https:\/\/archive.sana.sy\/es\/index.php?rest_route=\/wp\/v2\/posts\/104893"}],"collection":[{"href":"https:\/\/archive.sana.sy\/es\/index.php?rest_route=\/wp\/v2\/posts"}],"about":[{"href":"https:\/\/archive.sana.sy\/es\/index.php?rest_route=\/wp\/v2\/types\/post"}],"author":[{"embeddable":true,"href":"https:\/\/archive.sana.sy\/es\/index.php?rest_route=\/wp\/v2\/users\/32"}],"replies":[{"embeddable":true,"href":"https:\/\/archive.sana.sy\/es\/index.php?rest_route=%2Fwp%2Fv2%2Fcomments&post=104893"}],"version-history":[{"count":0,"href":"https:\/\/archive.sana.sy\/es\/index.php?rest_route=\/wp\/v2\/posts\/104893\/revisions"}],"wp:featuredmedia":[{"embeddable":true,"href":"https:\/\/archive.sana.sy\/es\/index.php?rest_route=\/wp\/v2\/media\/104894"}],"wp:attachment":[{"href":"https:\/\/archive.sana.sy\/es\/index.php?rest_route=%2Fwp%2Fv2%2Fmedia&parent=104893"}],"wp:term":[{"taxonomy":"category","embeddable":true,"href":"https:\/\/archive.sana.sy\/es\/index.php?rest_route=%2Fwp%2Fv2%2Fcategories&post=104893"},{"taxonomy":"post_tag","embeddable":true,"href":"https:\/\/archive.sana.sy\/es\/index.php?rest_route=%2Fwp%2Fv2%2Ftags&post=104893"}],"curies":[{"name":"wp","href":"https:\/\/api.w.org\/{rel}","templated":true}]}}