{"id":104959,"date":"2019-04-18T10:42:40","date_gmt":"2019-04-18T07:42:40","guid":{"rendered":"https:\/\/sana.sy\/es\/?p=104959"},"modified":"2019-04-18T10:47:07","modified_gmt":"2019-04-18T07:47:07","slug":"decenas-de-desplazados-retornan-desde-jordania-a-traves-del-cruce-fronterizo-de-nassib","status":"publish","type":"post","link":"https:\/\/archive.sana.sy\/es\/?p=104959","title":{"rendered":"Hasta la fecha, 18.500 refugiados sirios retornaron desde Jordania"},"content":{"rendered":"<p style=\"text-align: justify;\"><span style=\"color: #800000;\">Deraa, SANA<\/span><\/p>\n<p style=\"text-align: justify;\">Procedentes de la vecina Jordania, decenas de refugiados sirios cruzaron en las \u00faltimas horas el cruce fronterizo de Nassib.<\/p>\n<p style=\"text-align: justify;\">En el mencionado cruce, se tomaron todas las medidas para garantizar un retorno seguro y \u00e1gil para los refugiados a sus hogares en los poblados liberados del terrorismo.<\/p>\n<p style=\"text-align: justify;\">Decenas de autobuses y camiones trasladaron a los refugiados retornados y transportaron sus bultos a la terminal de \u00f3mnibus de la ciudad de Deraa, donde tomar\u00e1n medios de transporte para dirigirse a sus ciudades y pueblos liberados del terrorismo.<\/p>\n<p style=\"text-align: justify;\">El coronel Mazen Ghandur, jefe del Centro de Migraci\u00f3n y Pasaportes en el cruce fronterizo de Nassib, declar\u00f3 que las autoridades migratorias facilitan el ingreso de todos los refugiados retornados, incluso los indocumentados y los que tuvieron que salir ilegalmente del pa\u00eds.<\/p>\n<p style=\"text-align: justify;\">Revel\u00f3 que hasta la fecha, 18.500 refugiados volvieron a trav\u00e9s del referido paso desde su reapertura a medianos de octubre pasado.<\/p>\n<p style=\"text-align: justify;\">Seg\u00fan los m\u00e1s recientes datos del centro conjunto ruso y sirio para coordinar el retorno de desplazados, m\u00e1s de 180 mil refugiados sirios volvieron al pa\u00eds en menos de nueve meses.<\/p>\n<p style=\"text-align: justify;\"><span style=\"color: #0000ff;\">F. Marouf\/E. Dubian\/ Riad Sh.<\/span><\/p>\n","protected":false},"excerpt":{"rendered":"<p>Deraa, SANA Procedentes de la vecina Jordania, decenas de refugiados sirios cruzaron en las \u00faltimas horas el cruce fronterizo de Nassib. En el mencionado cruce, se tomaron todas las medidas para garantizar un retorno seguro y \u00e1gil para los refugiados a sus hogares en los poblados liberados del terrorismo. Decenas de autobuses y camiones trasladaron &hellip;<\/p>\n","protected":false},"author":32,"featured_media":104960,"comment_status":"closed","ping_status":"closed","sticky":false,"template":"","format":"standard","meta":{"footnotes":""},"categories":[597,476,583],"tags":[15067],"class_list":["post-104959","post","type-post","status-publish","format-standard","has-post-thumbnail","","category-cinta-de-noticias","category-locales","category-slide","tag-hasta-la-fecha-18-500-refugiados-sirios-retornaron-desde-jordania"],"_links":{"self":[{"href":"https:\/\/archive.sana.sy\/es\/index.php?rest_route=\/wp\/v2\/posts\/104959"}],"collection":[{"href":"https:\/\/archive.sana.sy\/es\/index.php?rest_route=\/wp\/v2\/posts"}],"about":[{"href":"https:\/\/archive.sana.sy\/es\/index.php?rest_route=\/wp\/v2\/types\/post"}],"author":[{"embeddable":true,"href":"https:\/\/archive.sana.sy\/es\/index.php?rest_route=\/wp\/v2\/users\/32"}],"replies":[{"embeddable":true,"href":"https:\/\/archive.sana.sy\/es\/index.php?rest_route=%2Fwp%2Fv2%2Fcomments&post=104959"}],"version-history":[{"count":0,"href":"https:\/\/archive.sana.sy\/es\/index.php?rest_route=\/wp\/v2\/posts\/104959\/revisions"}],"wp:featuredmedia":[{"embeddable":true,"href":"https:\/\/archive.sana.sy\/es\/index.php?rest_route=\/wp\/v2\/media\/104960"}],"wp:attachment":[{"href":"https:\/\/archive.sana.sy\/es\/index.php?rest_route=%2Fwp%2Fv2%2Fmedia&parent=104959"}],"wp:term":[{"taxonomy":"category","embeddable":true,"href":"https:\/\/archive.sana.sy\/es\/index.php?rest_route=%2Fwp%2Fv2%2Fcategories&post=104959"},{"taxonomy":"post_tag","embeddable":true,"href":"https:\/\/archive.sana.sy\/es\/index.php?rest_route=%2Fwp%2Fv2%2Ftags&post=104959"}],"curies":[{"name":"wp","href":"https:\/\/api.w.org\/{rel}","templated":true}]}}