{"id":10498,"date":"2014-10-04T23:06:05","date_gmt":"2014-10-04T20:06:05","guid":{"rendered":"http:\/\/sanasyria.org\/es\/?p=10498"},"modified":"2023-01-09T14:10:31","modified_gmt":"2023-01-09T12:10:31","slug":"oraciones-por-la-paz-en-siria-en-la-iglesia-santa-teresa-en-damasco","status":"publish","type":"post","link":"https:\/\/archive.sana.sy\/es\/?p=10498","title":{"rendered":"Oraciones por la paz en Siria en la Iglesia Santa Teresa en Damasco"},"content":{"rendered":"<p style=\"text-align: justify\"><span style=\"color: #800000\">Damasco, SANA<\/span><\/p>\n<p style=\"text-align: justify\">Oraciones por la paz en Siria se celebraron el s\u00e1bado en la Iglesia Caldea de Santa Teresa del Ni\u00f1o Jes\u00fas en el barrio de Bab Touma, en Damasco<\/p>\n<p style=\"text-align: justify\">Las oraciones se llevaron a cabo bajo el patrocinio del arzobispo caldeo de Siria Antoine Odo, y fueron presididas por el Padre Gabriel Ghanem.<\/p>\n<p style=\"text-align: justify\"><a href=\"http:\/\/sanasyria.org\/es\/wp-content\/uploads\/2014\/10\/111.jpg\"><img loading=\"lazy\" decoding=\"async\" class=\"alignleft wp-image-10503 size-full\" src=\"http:\/\/sanasyria.org\/es\/wp-content\/uploads\/2014\/10\/111.jpg\" alt=\"11\" width=\"300\" height=\"159\" srcset=\"https:\/\/archive.sana.sy\/es\/wp-content\/uploads\/2014\/10\/111.jpg 300w, https:\/\/archive.sana.sy\/es\/wp-content\/uploads\/2014\/10\/111-150x79.jpg 150w\" sizes=\"(max-width: 300px) 100vw, 300px\" \/><\/a><\/p>\n<p style=\"text-align: justify\">Durante la ceremonia, el padre Ghanem implor\u00f3 a Dios para preservar a Siria, su gente y su ej\u00e9rcito y restablecer la seguridad y la paz a la misma, tambi\u00e9n or\u00f3 para que Siria siga siendo un faro de paz para toda la humanidad.<\/p>\n<p style=\"text-align: justify\">Las oraciones se realizaron en base a los llamados de los patriarcas y arzobispos de Damasco, que pidieron la celebraci\u00f3n de oraciones durante un mes entero y de forma rotativa en todas las iglesias de Damasco y su campo.<\/p>\n<p style=\"text-align: justify\"><a href=\"http:\/\/sanasyria.org\/es\/wp-content\/uploads\/2014\/10\/4.jpg\"><img loading=\"lazy\" decoding=\"async\" class=\"alignnone size-full wp-image-10502\" src=\"http:\/\/sanasyria.org\/es\/wp-content\/uploads\/2014\/10\/4.jpg\" alt=\"4\" width=\"150\" height=\"79\" \/><\/a>\u00a0<a href=\"http:\/\/sanasyria.org\/es\/wp-content\/uploads\/2014\/10\/3.jpg\"><img loading=\"lazy\" decoding=\"async\" class=\"alignnone size-full wp-image-10501\" src=\"http:\/\/sanasyria.org\/es\/wp-content\/uploads\/2014\/10\/3.jpg\" alt=\"3\" width=\"150\" height=\"79\" \/><\/a>\u00a0<a href=\"http:\/\/sanasyria.org\/es\/wp-content\/uploads\/2014\/10\/22.jpg\"><img loading=\"lazy\" decoding=\"async\" class=\"alignnone size-full wp-image-10500\" src=\"http:\/\/sanasyria.org\/es\/wp-content\/uploads\/2014\/10\/22.jpg\" alt=\"2\" width=\"150\" height=\"79\" \/><\/a>\u00a0<a href=\"http:\/\/sanasyria.org\/es\/wp-content\/uploads\/2014\/10\/12.jpg\"><img loading=\"lazy\" decoding=\"async\" class=\"alignnone size-full wp-image-10499\" src=\"http:\/\/sanasyria.org\/es\/wp-content\/uploads\/2014\/10\/12.jpg\" alt=\"1\" width=\"150\" height=\"79\" \/><\/a><\/p>\n<p style=\"text-align: justify\">\n<p style=\"text-align: justify\"><span style=\"color: #0000ff\">Ghifar Al., Riyad Sh.<\/span><\/p>\n","protected":false},"excerpt":{"rendered":"<p>Damasco, SANA Oraciones por la paz en Siria se celebraron el s\u00e1bado en la Iglesia Caldea de Santa Teresa del Ni\u00f1o Jes\u00fas en el barrio de Bab Touma, en Damasco Las oraciones se llevaron a cabo bajo el patrocinio del arzobispo caldeo de Siria Antoine Odo, y fueron presididas por el Padre Gabriel Ghanem. Durante &hellip;<\/p>\n","protected":false},"author":1,"featured_media":10504,"comment_status":"closed","ping_status":"closed","sticky":false,"template":"","format":"standard","meta":{"footnotes":""},"categories":[597,476],"tags":[2338],"class_list":["post-10498","post","type-post","status-publish","format-standard","has-post-thumbnail","","category-cinta-de-noticias","category-locales","tag-oraciones-por-la-paz-en-siria-en-la-iglesia-santa-teresa-en-damasco"],"_links":{"self":[{"href":"https:\/\/archive.sana.sy\/es\/index.php?rest_route=\/wp\/v2\/posts\/10498"}],"collection":[{"href":"https:\/\/archive.sana.sy\/es\/index.php?rest_route=\/wp\/v2\/posts"}],"about":[{"href":"https:\/\/archive.sana.sy\/es\/index.php?rest_route=\/wp\/v2\/types\/post"}],"author":[{"embeddable":true,"href":"https:\/\/archive.sana.sy\/es\/index.php?rest_route=\/wp\/v2\/users\/1"}],"replies":[{"embeddable":true,"href":"https:\/\/archive.sana.sy\/es\/index.php?rest_route=%2Fwp%2Fv2%2Fcomments&post=10498"}],"version-history":[{"count":0,"href":"https:\/\/archive.sana.sy\/es\/index.php?rest_route=\/wp\/v2\/posts\/10498\/revisions"}],"wp:featuredmedia":[{"embeddable":true,"href":"https:\/\/archive.sana.sy\/es\/index.php?rest_route=\/wp\/v2\/media\/10504"}],"wp:attachment":[{"href":"https:\/\/archive.sana.sy\/es\/index.php?rest_route=%2Fwp%2Fv2%2Fmedia&parent=10498"}],"wp:term":[{"taxonomy":"category","embeddable":true,"href":"https:\/\/archive.sana.sy\/es\/index.php?rest_route=%2Fwp%2Fv2%2Fcategories&post=10498"},{"taxonomy":"post_tag","embeddable":true,"href":"https:\/\/archive.sana.sy\/es\/index.php?rest_route=%2Fwp%2Fv2%2Ftags&post=10498"}],"curies":[{"name":"wp","href":"https:\/\/api.w.org\/{rel}","templated":true}]}}