{"id":104983,"date":"2019-04-17T21:53:15","date_gmt":"2019-04-17T18:53:15","guid":{"rendered":"https:\/\/www.sana.sy\/es\/?p=104983"},"modified":"2019-04-17T21:53:15","modified_gmt":"2019-04-17T18:53:15","slug":"fuerzas-armadas-sirias-renuevan-su-lealtad-a-la-patria-en-el-73-aniversario-de-la-independencia","status":"publish","type":"post","link":"https:\/\/archive.sana.sy\/es\/?p=104983","title":{"rendered":"Fuerzas Armadas Sirias renuevan su lealtad a la Patria en el 73 aniversario de la Independencia"},"content":{"rendered":"<p style=\"text-align: justify\"><span style=\"color: #800000\">Damasco, SANA<\/span><\/p>\n<p style=\"text-align: justify\">Las Fuerzas Armadas Sirias han celebrado este mi\u00e9rcoles el D\u00eda Nacional de Siria, reiterando su disposici\u00f3n de sacrificar sus vidas por la dignidad y soberan\u00eda de la Patria.<\/p>\n<p style=\"text-align: justify\">Los mandos militares subrayaron que Siria hoy en d\u00eda se enfrenta a una agresi\u00f3n feroz librada por los pa\u00edses del nuevo colonialismo, la cual busca debilitar las posturas honorables de la patria frente a los planes colonialistas destinadas a saquear los recursos de los pa\u00edses de la regi\u00f3n.<\/p>\n<p style=\"text-align: justify\">Asimismo, reiteraron que el pueblo sirio quien en el pasado expuls\u00f3 al ocupante franc\u00e9s continuar\u00e1 hoy su lucha para expulsar a las herramientas del nuevo colonialismo que operan en el pa\u00eds.<\/p>\n<p style=\"text-align: justify\">Reiteraron su compromiso con seguir cumpliendo el legado de nuestros h\u00e9roes y de continuar su lucha para acabar con los grupos terroristas por completo, y para que Siria logre una nueva independencia de las potencias agresores y sus mercenarios.<\/p>\n<div id='gallery-1' class='gallery galleryid-104983 gallery-columns-3 gallery-size-thumbnail'><figure class='gallery-item'>\n\t\t\t<div class='gallery-icon landscape'>\n\t\t\t\t<a href='https:\/\/archive.sana.sy\/es\/wp-content\/uploads\/2019\/04\/Fuerzas-Armadas-73-aniversario-de-la-Independencia-1.jpg'><img loading=\"lazy\" decoding=\"async\" width=\"150\" height=\"91\" src=\"https:\/\/archive.sana.sy\/es\/wp-content\/uploads\/2019\/04\/Fuerzas-Armadas-73-aniversario-de-la-Independencia-1-150x91.jpg\" class=\"attachment-thumbnail size-thumbnail\" alt=\"\" srcset=\"https:\/\/archive.sana.sy\/es\/wp-content\/uploads\/2019\/04\/Fuerzas-Armadas-73-aniversario-de-la-Independencia-1-150x91.jpg 150w, https:\/\/archive.sana.sy\/es\/wp-content\/uploads\/2019\/04\/Fuerzas-Armadas-73-aniversario-de-la-Independencia-1-300x182.jpg 300w, https:\/\/archive.sana.sy\/es\/wp-content\/uploads\/2019\/04\/Fuerzas-Armadas-73-aniversario-de-la-Independencia-1.jpg 660w\" sizes=\"(max-width: 150px) 100vw, 150px\" \/><\/a>\n\t\t\t<\/div><\/figure><figure class='gallery-item'>\n\t\t\t<div class='gallery-icon landscape'>\n\t\t\t\t<a href='https:\/\/archive.sana.sy\/es\/wp-content\/uploads\/2019\/04\/Fuerzas-Armadas-73-aniversario-de-la-Independencia-2.jpg'><img loading=\"lazy\" decoding=\"async\" width=\"150\" height=\"90\" src=\"https:\/\/archive.sana.sy\/es\/wp-content\/uploads\/2019\/04\/Fuerzas-Armadas-73-aniversario-de-la-Independencia-2-150x90.jpg\" class=\"attachment-thumbnail size-thumbnail\" alt=\"\" srcset=\"https:\/\/archive.sana.sy\/es\/wp-content\/uploads\/2019\/04\/Fuerzas-Armadas-73-aniversario-de-la-Independencia-2-150x90.jpg 150w, https:\/\/archive.sana.sy\/es\/wp-content\/uploads\/2019\/04\/Fuerzas-Armadas-73-aniversario-de-la-Independencia-2-300x180.jpg 300w, https:\/\/archive.sana.sy\/es\/wp-content\/uploads\/2019\/04\/Fuerzas-Armadas-73-aniversario-de-la-Independencia-2.jpg 660w\" sizes=\"(max-width: 150px) 100vw, 150px\" \/><\/a>\n\t\t\t<\/div><\/figure><figure class='gallery-item'>\n\t\t\t<div class='gallery-icon landscape'>\n\t\t\t\t<a href='https:\/\/archive.sana.sy\/es\/wp-content\/uploads\/2019\/04\/Fuerzas-Armadas-73-aniversario-de-la-Independencia-3.jpg'><img loading=\"lazy\" decoding=\"async\" width=\"150\" height=\"90\" src=\"https:\/\/archive.sana.sy\/es\/wp-content\/uploads\/2019\/04\/Fuerzas-Armadas-73-aniversario-de-la-Independencia-3-150x90.jpg\" class=\"attachment-thumbnail size-thumbnail\" alt=\"\" srcset=\"https:\/\/archive.sana.sy\/es\/wp-content\/uploads\/2019\/04\/Fuerzas-Armadas-73-aniversario-de-la-Independencia-3-150x90.jpg 150w, https:\/\/archive.sana.sy\/es\/wp-content\/uploads\/2019\/04\/Fuerzas-Armadas-73-aniversario-de-la-Independencia-3-300x180.jpg 300w, https:\/\/archive.sana.sy\/es\/wp-content\/uploads\/2019\/04\/Fuerzas-Armadas-73-aniversario-de-la-Independencia-3.jpg 660w\" sizes=\"(max-width: 150px) 100vw, 150px\" \/><\/a>\n\t\t\t<\/div><\/figure><figure class='gallery-item'>\n\t\t\t<div class='gallery-icon landscape'>\n\t\t\t\t<a href='https:\/\/archive.sana.sy\/es\/wp-content\/uploads\/2019\/04\/Fuerzas-Armadas-73-aniversario-de-la-Independencia-4.jpg'><img loading=\"lazy\" decoding=\"async\" width=\"150\" height=\"100\" src=\"https:\/\/archive.sana.sy\/es\/wp-content\/uploads\/2019\/04\/Fuerzas-Armadas-73-aniversario-de-la-Independencia-4-150x100.jpg\" class=\"attachment-thumbnail size-thumbnail\" alt=\"\" srcset=\"https:\/\/archive.sana.sy\/es\/wp-content\/uploads\/2019\/04\/Fuerzas-Armadas-73-aniversario-de-la-Independencia-4-150x100.jpg 150w, https:\/\/archive.sana.sy\/es\/wp-content\/uploads\/2019\/04\/Fuerzas-Armadas-73-aniversario-de-la-Independencia-4-300x200.jpg 300w, https:\/\/archive.sana.sy\/es\/wp-content\/uploads\/2019\/04\/Fuerzas-Armadas-73-aniversario-de-la-Independencia-4-310x205.jpg 310w, https:\/\/archive.sana.sy\/es\/wp-content\/uploads\/2019\/04\/Fuerzas-Armadas-73-aniversario-de-la-Independencia-4.jpg 660w\" sizes=\"(max-width: 150px) 100vw, 150px\" \/><\/a>\n\t\t\t<\/div><\/figure><figure class='gallery-item'>\n\t\t\t<div class='gallery-icon landscape'>\n\t\t\t\t<a href='https:\/\/archive.sana.sy\/es\/wp-content\/uploads\/2019\/04\/Fuerzas-Armadas-73-aniversario-de-la-Independencia-5.jpg'><img loading=\"lazy\" decoding=\"async\" width=\"150\" height=\"90\" src=\"https:\/\/archive.sana.sy\/es\/wp-content\/uploads\/2019\/04\/Fuerzas-Armadas-73-aniversario-de-la-Independencia-5-150x90.jpg\" class=\"attachment-thumbnail size-thumbnail\" alt=\"\" srcset=\"https:\/\/archive.sana.sy\/es\/wp-content\/uploads\/2019\/04\/Fuerzas-Armadas-73-aniversario-de-la-Independencia-5-150x90.jpg 150w, https:\/\/archive.sana.sy\/es\/wp-content\/uploads\/2019\/04\/Fuerzas-Armadas-73-aniversario-de-la-Independencia-5-300x181.jpg 300w, https:\/\/archive.sana.sy\/es\/wp-content\/uploads\/2019\/04\/Fuerzas-Armadas-73-aniversario-de-la-Independencia-5.jpg 660w\" sizes=\"(max-width: 150px) 100vw, 150px\" \/><\/a>\n\t\t\t<\/div><\/figure><figure class='gallery-item'>\n\t\t\t<div class='gallery-icon landscape'>\n\t\t\t\t<a href='https:\/\/archive.sana.sy\/es\/wp-content\/uploads\/2019\/04\/Fuerzas-Armadas-73-aniversario-de-la-Independencia-6.jpg'><img loading=\"lazy\" decoding=\"async\" width=\"150\" height=\"100\" src=\"https:\/\/archive.sana.sy\/es\/wp-content\/uploads\/2019\/04\/Fuerzas-Armadas-73-aniversario-de-la-Independencia-6-150x100.jpg\" class=\"attachment-thumbnail size-thumbnail\" alt=\"\" srcset=\"https:\/\/archive.sana.sy\/es\/wp-content\/uploads\/2019\/04\/Fuerzas-Armadas-73-aniversario-de-la-Independencia-6-150x100.jpg 150w, https:\/\/archive.sana.sy\/es\/wp-content\/uploads\/2019\/04\/Fuerzas-Armadas-73-aniversario-de-la-Independencia-6-300x200.jpg 300w, https:\/\/archive.sana.sy\/es\/wp-content\/uploads\/2019\/04\/Fuerzas-Armadas-73-aniversario-de-la-Independencia-6-310x205.jpg 310w, https:\/\/archive.sana.sy\/es\/wp-content\/uploads\/2019\/04\/Fuerzas-Armadas-73-aniversario-de-la-Independencia-6.jpg 660w\" sizes=\"(max-width: 150px) 100vw, 150px\" \/><\/a>\n\t\t\t<\/div><\/figure>\n\t\t<\/div>\n\n<p style=\"text-align: justify\">\nLynn A.<\/p>\n","protected":false},"excerpt":{"rendered":"<p>Damasco, SANA Las Fuerzas Armadas Sirias han celebrado este mi\u00e9rcoles el D\u00eda Nacional de Siria, reiterando su disposici\u00f3n de sacrificar sus vidas por la dignidad y soberan\u00eda de la Patria. Los mandos militares subrayaron que Siria hoy en d\u00eda se enfrenta a una agresi\u00f3n feroz librada por los pa\u00edses del nuevo colonialismo, la cual busca &hellip;<\/p>\n","protected":false},"author":24,"featured_media":104985,"comment_status":"closed","ping_status":"closed","sticky":false,"template":"","format":"standard","meta":{"footnotes":""},"categories":[597,476,7541],"tags":[],"class_list":["post-104983","post","type-post","status-publish","format-standard","has-post-thumbnail","","category-cinta-de-noticias","category-locales","category-ultimas-noticias"],"_links":{"self":[{"href":"https:\/\/archive.sana.sy\/es\/index.php?rest_route=\/wp\/v2\/posts\/104983"}],"collection":[{"href":"https:\/\/archive.sana.sy\/es\/index.php?rest_route=\/wp\/v2\/posts"}],"about":[{"href":"https:\/\/archive.sana.sy\/es\/index.php?rest_route=\/wp\/v2\/types\/post"}],"author":[{"embeddable":true,"href":"https:\/\/archive.sana.sy\/es\/index.php?rest_route=\/wp\/v2\/users\/24"}],"replies":[{"embeddable":true,"href":"https:\/\/archive.sana.sy\/es\/index.php?rest_route=%2Fwp%2Fv2%2Fcomments&post=104983"}],"version-history":[{"count":0,"href":"https:\/\/archive.sana.sy\/es\/index.php?rest_route=\/wp\/v2\/posts\/104983\/revisions"}],"wp:featuredmedia":[{"embeddable":true,"href":"https:\/\/archive.sana.sy\/es\/index.php?rest_route=\/wp\/v2\/media\/104985"}],"wp:attachment":[{"href":"https:\/\/archive.sana.sy\/es\/index.php?rest_route=%2Fwp%2Fv2%2Fmedia&parent=104983"}],"wp:term":[{"taxonomy":"category","embeddable":true,"href":"https:\/\/archive.sana.sy\/es\/index.php?rest_route=%2Fwp%2Fv2%2Fcategories&post=104983"},{"taxonomy":"post_tag","embeddable":true,"href":"https:\/\/archive.sana.sy\/es\/index.php?rest_route=%2Fwp%2Fv2%2Ftags&post=104983"}],"curies":[{"name":"wp","href":"https:\/\/api.w.org\/{rel}","templated":true}]}}