{"id":105042,"date":"2019-04-18T15:41:03","date_gmt":"2019-04-18T12:41:03","guid":{"rendered":"https:\/\/sana.sy\/es\/?p=105042"},"modified":"2019-04-19T10:34:37","modified_gmt":"2019-04-19T07:34:37","slug":"los-terroristas-destruyeron-el-puente-al-tuwaina-en-el-norte-de-hama","status":"publish","type":"post","link":"https:\/\/archive.sana.sy\/es\/?p=105042","title":{"rendered":"Terroristas destruyen un puente vital en el norte de Hama"},"content":{"rendered":"<p style=\"text-align: justify\"><span style=\"color: #800000\">Hama, SANA<\/span><\/p>\n<p style=\"text-align: justify\">Los grupos terroristas continuaron sus actos destructivos contra la infraestructura y las casas de los ciudadanos donde destruyeron el puente Tweineh al noroeste de Hama.<\/p>\n<p style=\"text-align: justify\">La destrucci\u00f3n del puente que conecta ambas orillas del r\u00edo Oronte, impide que los civiles lo usaran para trasladarse de un lado a otro, as\u00ed como impide que los agricultores se dirijan a sus tierra para trabajar.<\/p>\n<p style=\"text-align: justify\">Una fuente local inform\u00f3 de una potente explosi\u00f3n despu\u00e9s de que grupos terroristas minaran y volaran el puente Tweineh, situado a dos km al oeste de la ciudad de Al-Madik.<\/p>\n<p style=\"text-align: justify\">\u201cLa explosi\u00f3n provoc\u00f3 la destrucci\u00f3n total del puente. Y este ataque es el tercero de su tipo despu\u00e9s de que terroristas del grupo radical Partido del Turkest\u00e1n destruyeran parcialmente el mencionado puente los d\u00edas 5 y 14 de septiembre de 2018\u201d, detall\u00f3 la fuente.<\/p>\n<p style=\"text-align: justify\">La destrucci\u00f3n terrorista del puente evoca los cr\u00edmenes de la \u201cCoalici\u00f3n Internacional\u201d dirigida por EE.UU, y los del \u201cDaesh\u201d, que durante los \u00faltimos dos a\u00f1os destruyeron deliberadamente todos los puentes sobre el r\u00edo \u00c9ufrates para evitar que las unidades del Ej\u00e9rcito \u00c1rabe Sirio avanzaran sobre sus posiciones.<\/p>\n<p style=\"text-align: justify\"><span style=\"color: #0000ff\">Y. K.\/ F. M.\/ A. H.<\/span><\/p>\n","protected":false},"excerpt":{"rendered":"<p>Hama, SANA Los grupos terroristas continuaron sus actos destructivos contra la infraestructura y las casas de los ciudadanos donde destruyeron el puente Tweineh al noroeste de Hama. La destrucci\u00f3n del puente que conecta ambas orillas del r\u00edo Oronte, impide que los civiles lo usaran para trasladarse de un lado a otro, as\u00ed como impide que &hellip;<\/p>\n","protected":false},"author":32,"featured_media":105043,"comment_status":"closed","ping_status":"closed","sticky":false,"template":"","format":"standard","meta":{"footnotes":""},"categories":[597,573,583],"tags":[15070],"class_list":["post-105042","post","type-post","status-publish","format-standard","has-post-thumbnail","","category-cinta-de-noticias","category-la-realidad-de-los-acontecimientos-en-siria","category-slide","tag-los-terroristas-destruyeron-el-puente-al-tuwaina-en-el-norte-de-hama"],"_links":{"self":[{"href":"https:\/\/archive.sana.sy\/es\/index.php?rest_route=\/wp\/v2\/posts\/105042"}],"collection":[{"href":"https:\/\/archive.sana.sy\/es\/index.php?rest_route=\/wp\/v2\/posts"}],"about":[{"href":"https:\/\/archive.sana.sy\/es\/index.php?rest_route=\/wp\/v2\/types\/post"}],"author":[{"embeddable":true,"href":"https:\/\/archive.sana.sy\/es\/index.php?rest_route=\/wp\/v2\/users\/32"}],"replies":[{"embeddable":true,"href":"https:\/\/archive.sana.sy\/es\/index.php?rest_route=%2Fwp%2Fv2%2Fcomments&post=105042"}],"version-history":[{"count":0,"href":"https:\/\/archive.sana.sy\/es\/index.php?rest_route=\/wp\/v2\/posts\/105042\/revisions"}],"wp:featuredmedia":[{"embeddable":true,"href":"https:\/\/archive.sana.sy\/es\/index.php?rest_route=\/wp\/v2\/media\/105043"}],"wp:attachment":[{"href":"https:\/\/archive.sana.sy\/es\/index.php?rest_route=%2Fwp%2Fv2%2Fmedia&parent=105042"}],"wp:term":[{"taxonomy":"category","embeddable":true,"href":"https:\/\/archive.sana.sy\/es\/index.php?rest_route=%2Fwp%2Fv2%2Fcategories&post=105042"},{"taxonomy":"post_tag","embeddable":true,"href":"https:\/\/archive.sana.sy\/es\/index.php?rest_route=%2Fwp%2Fv2%2Ftags&post=105042"}],"curies":[{"name":"wp","href":"https:\/\/api.w.org\/{rel}","templated":true}]}}