{"id":105045,"date":"2019-04-18T15:28:10","date_gmt":"2019-04-18T12:28:10","guid":{"rendered":"https:\/\/sana.sy\/es\/?p=105045"},"modified":"2019-04-18T15:47:36","modified_gmt":"2019-04-18T12:47:36","slug":"los-ninos-de-deir-ezorr-se-solidarizan-con-los-ninos-del-golan-sirio-ocupado","status":"publish","type":"post","link":"https:\/\/archive.sana.sy\/es\/?p=105045","title":{"rendered":"Los ni\u00f1os de Deir Ezorr se solidarizan con los ni\u00f1os \u00a0del Gol\u00e1n Sirio ocupado \u00a0"},"content":{"rendered":"<p style=\"text-align: justify;\"><span style=\"color: #800000;\">Deir Ezorr, SANA<\/span><\/p>\n<p style=\"text-align: justify;\">Los ni\u00f1os de Deir Ezorr expresaron \u00a0su solidaridad con los ni\u00f1os \u00a0del Gol\u00e1n Sirio ocupado \u00a0y su rechazo a la proclama del presidente Donald Trump sobre el Gol\u00e1n sirio ocupado, ello tuvo lugar durante el Festival\u00a0 &#8220;Primera de la Infancia&#8221;,\u00a0 organizado en la Plaza del Presidente en Deir Ezzor, por la organizaci\u00f3n de Ephrem el Siriaco, en colaboraci\u00f3n con la UNICEF.<\/p>\n<p style=\"text-align: justify;\">Los ni\u00f1os que participaron en el festival se mostraron complacidos con la organizaci\u00f3n de esta actividad y expresaron su solidaridad con los ni\u00f1os del Gol\u00e1n sirio ocupado que se liberar\u00e1 de la ocupaci\u00f3n sionista al igual como la ciudad de Deir Ezzor fue liberada del terrorismo.<\/p>\n<p style=\"text-align: justify;\">El festival de dos d\u00edas incluye espect\u00e1culos art\u00edsticos, obras de teatro, poemas, competiciones y juegos infantiles que representan el patrimonio de la provincia, los sitios tur\u00edsticos y arqueol\u00f3gicos y el triunfo de Siria sobre el terrorismo.<\/p>\n<p style=\"text-align: justify;\"><span style=\"color: #0000ff;\">E. Dubian\/ Riad Sh.<\/span><\/p>\n","protected":false},"excerpt":{"rendered":"<p>Deir Ezorr, SANA Los ni\u00f1os de Deir Ezorr expresaron \u00a0su solidaridad con los ni\u00f1os \u00a0del Gol\u00e1n Sirio ocupado \u00a0y su rechazo a la proclama del presidente Donald Trump sobre el Gol\u00e1n sirio ocupado, ello tuvo lugar durante el Festival\u00a0 &#8220;Primera de la Infancia&#8221;,\u00a0 organizado en la Plaza del Presidente en Deir Ezzor, por la organizaci\u00f3n &hellip;<\/p>\n","protected":false},"author":32,"featured_media":105046,"comment_status":"closed","ping_status":"closed","sticky":false,"template":"","format":"standard","meta":{"footnotes":""},"categories":[597,476,7541],"tags":[15071],"class_list":["post-105045","post","type-post","status-publish","format-standard","has-post-thumbnail","","category-cinta-de-noticias","category-locales","category-ultimas-noticias","tag-los-ninos-de-deir-ezorr-se-solidarizan-con-los-ninos-del-golan-sirio-ocupado"],"_links":{"self":[{"href":"https:\/\/archive.sana.sy\/es\/index.php?rest_route=\/wp\/v2\/posts\/105045"}],"collection":[{"href":"https:\/\/archive.sana.sy\/es\/index.php?rest_route=\/wp\/v2\/posts"}],"about":[{"href":"https:\/\/archive.sana.sy\/es\/index.php?rest_route=\/wp\/v2\/types\/post"}],"author":[{"embeddable":true,"href":"https:\/\/archive.sana.sy\/es\/index.php?rest_route=\/wp\/v2\/users\/32"}],"replies":[{"embeddable":true,"href":"https:\/\/archive.sana.sy\/es\/index.php?rest_route=%2Fwp%2Fv2%2Fcomments&post=105045"}],"version-history":[{"count":0,"href":"https:\/\/archive.sana.sy\/es\/index.php?rest_route=\/wp\/v2\/posts\/105045\/revisions"}],"wp:featuredmedia":[{"embeddable":true,"href":"https:\/\/archive.sana.sy\/es\/index.php?rest_route=\/wp\/v2\/media\/105046"}],"wp:attachment":[{"href":"https:\/\/archive.sana.sy\/es\/index.php?rest_route=%2Fwp%2Fv2%2Fmedia&parent=105045"}],"wp:term":[{"taxonomy":"category","embeddable":true,"href":"https:\/\/archive.sana.sy\/es\/index.php?rest_route=%2Fwp%2Fv2%2Fcategories&post=105045"},{"taxonomy":"post_tag","embeddable":true,"href":"https:\/\/archive.sana.sy\/es\/index.php?rest_route=%2Fwp%2Fv2%2Ftags&post=105045"}],"curies":[{"name":"wp","href":"https:\/\/api.w.org\/{rel}","templated":true}]}}