{"id":105048,"date":"2019-04-18T18:49:07","date_gmt":"2019-04-18T15:49:07","guid":{"rendered":"https:\/\/sana.sy\/es\/?p=105048"},"modified":"2019-04-19T17:38:56","modified_gmt":"2019-04-19T14:38:56","slug":"moscu-nusra-y-cascos-blancos-preparan-nuevo-escenario-de-uso-armas-quimicas","status":"publish","type":"post","link":"https:\/\/archive.sana.sy\/es\/?p=105048","title":{"rendered":"Mosc\u00fa: Nusra y cascos blancos preparan nuevo escenario de uso armas qu\u00edmicas"},"content":{"rendered":"<p>Mosc\u00fa-SANA<\/p>\n<p>Rusia ha reiterado que los terroristas del Frente Al-Nusra en colaboraci\u00f3n con terroristas de los \u00a8cascos blancos\u00a8 est\u00e1n preparando una nueva escena teatral de uso de armas qu\u00edmicas en Idleb para acusar al ej\u00e9rcito sirio.<\/p>\n<p>\u00a8Terroristas junto a miembros de los cascos blancos preparan nuevas provocaciones a fin de acusar al gobierno leg\u00edtimo en Siria de utilizar sustancias toxicas\u00a8, dijo el portavoz de la canciller\u00eda rusa Mar\u00eda Zajarova.<\/p>\n<p>Y.K.<\/p>\n","protected":false},"excerpt":{"rendered":"<p>Mosc\u00fa-SANA Rusia ha reiterado que los terroristas del Frente Al-Nusra en colaboraci\u00f3n con terroristas de los \u00a8cascos blancos\u00a8 est\u00e1n preparando una nueva escena teatral de uso de armas qu\u00edmicas en Idleb para acusar al ej\u00e9rcito sirio. \u00a8Terroristas junto a miembros de los cascos blancos preparan nuevas provocaciones a fin de acusar al gobierno leg\u00edtimo en &hellip;<\/p>\n","protected":false},"author":1,"featured_media":105049,"comment_status":"closed","ping_status":"closed","sticky":false,"template":"","format":"standard","meta":{"footnotes":""},"categories":[597,456,7541],"tags":[],"class_list":["post-105048","post","type-post","status-publish","format-standard","has-post-thumbnail","","category-cinta-de-noticias","category-arabe-internacional-politica","category-ultimas-noticias"],"_links":{"self":[{"href":"https:\/\/archive.sana.sy\/es\/index.php?rest_route=\/wp\/v2\/posts\/105048"}],"collection":[{"href":"https:\/\/archive.sana.sy\/es\/index.php?rest_route=\/wp\/v2\/posts"}],"about":[{"href":"https:\/\/archive.sana.sy\/es\/index.php?rest_route=\/wp\/v2\/types\/post"}],"author":[{"embeddable":true,"href":"https:\/\/archive.sana.sy\/es\/index.php?rest_route=\/wp\/v2\/users\/1"}],"replies":[{"embeddable":true,"href":"https:\/\/archive.sana.sy\/es\/index.php?rest_route=%2Fwp%2Fv2%2Fcomments&post=105048"}],"version-history":[{"count":0,"href":"https:\/\/archive.sana.sy\/es\/index.php?rest_route=\/wp\/v2\/posts\/105048\/revisions"}],"wp:featuredmedia":[{"embeddable":true,"href":"https:\/\/archive.sana.sy\/es\/index.php?rest_route=\/wp\/v2\/media\/105049"}],"wp:attachment":[{"href":"https:\/\/archive.sana.sy\/es\/index.php?rest_route=%2Fwp%2Fv2%2Fmedia&parent=105048"}],"wp:term":[{"taxonomy":"category","embeddable":true,"href":"https:\/\/archive.sana.sy\/es\/index.php?rest_route=%2Fwp%2Fv2%2Fcategories&post=105048"},{"taxonomy":"post_tag","embeddable":true,"href":"https:\/\/archive.sana.sy\/es\/index.php?rest_route=%2Fwp%2Fv2%2Ftags&post=105048"}],"curies":[{"name":"wp","href":"https:\/\/api.w.org\/{rel}","templated":true}]}}