{"id":105051,"date":"2019-04-18T19:34:54","date_gmt":"2019-04-18T16:34:54","guid":{"rendered":"https:\/\/sana.sy\/es\/?p=105051"},"modified":"2019-04-21T16:10:24","modified_gmt":"2019-04-21T13:10:24","slug":"salud-lanzara-nueva-campana-de-vacunacion-el-lunes","status":"publish","type":"post","link":"https:\/\/archive.sana.sy\/es\/?p=105051","title":{"rendered":"Nueva campa\u00f1a nacional de vacunaci\u00f3n se lanzar\u00e1 la pr\u00f3xima semana"},"content":{"rendered":"<p style=\"text-align: justify;\"><span style=\"color: #800000;\">Damasco, SANA<\/span><\/p>\n<p style=\"text-align: justify;\">El ministerio de Salud lanzar\u00e1 el pr\u00f3ximo lunes una nueva campa\u00f1a de vacunaci\u00f3n que abarcar\u00e1 todos los ni\u00f1os menores de cinco a\u00f1os.<\/p>\n<p style=\"text-align: justify;\">El jefe del Departamento de Atenci\u00f3n Primaria del ministerio de Salud, Fadi Qasis, dijo que el Programa Nacional de Vacunaci\u00f3n incluye 11 vacunas y abarcar\u00e1 a alrededor de dos millones 800 mil ni\u00f1os.<\/p>\n<p style=\"text-align: justify;\">A su vez, la representante de la OMS en Siria, Elizabeth Hoff, dijo que el \u00edndice de cobertura de la vacunaci\u00f3n de ni\u00f1os en Siria fue una de los mejores a nivel mundial antes de la crisis.<\/p>\n<p style=\"text-align: justify;\">\u201cLo llamativo en Siria es que los locales de todas las zonas, incluidas las rurales, piden que sus ni\u00f1os sean vacunados lo cual refleja el alto grado de sensibilizaci\u00f3n y conciencia del pueblo sirio\u201d, indic\u00f3 Hoff.<\/p>\n<p style=\"text-align: justify;\"><span style=\"color: #0000ff;\">Y. K.\/ F. M.\/ A. H.<\/span><\/p>\n","protected":false},"excerpt":{"rendered":"<p>Damasco, SANA El ministerio de Salud lanzar\u00e1 el pr\u00f3ximo lunes una nueva campa\u00f1a de vacunaci\u00f3n que abarcar\u00e1 todos los ni\u00f1os menores de cinco a\u00f1os. El jefe del Departamento de Atenci\u00f3n Primaria del ministerio de Salud, Fadi Qasis, dijo que el Programa Nacional de Vacunaci\u00f3n incluye 11 vacunas y abarcar\u00e1 a alrededor de dos millones 800 &hellip;<\/p>\n","protected":false},"author":1,"featured_media":105052,"comment_status":"closed","ping_status":"closed","sticky":false,"template":"","format":"standard","meta":{"footnotes":""},"categories":[597,476,7541],"tags":[15072],"class_list":["post-105051","post","type-post","status-publish","format-standard","has-post-thumbnail","","category-cinta-de-noticias","category-locales","category-ultimas-noticias","tag-nueva-campana-nacional-de-vacunacion-se-lanzara-la-proxima-semana"],"_links":{"self":[{"href":"https:\/\/archive.sana.sy\/es\/index.php?rest_route=\/wp\/v2\/posts\/105051"}],"collection":[{"href":"https:\/\/archive.sana.sy\/es\/index.php?rest_route=\/wp\/v2\/posts"}],"about":[{"href":"https:\/\/archive.sana.sy\/es\/index.php?rest_route=\/wp\/v2\/types\/post"}],"author":[{"embeddable":true,"href":"https:\/\/archive.sana.sy\/es\/index.php?rest_route=\/wp\/v2\/users\/1"}],"replies":[{"embeddable":true,"href":"https:\/\/archive.sana.sy\/es\/index.php?rest_route=%2Fwp%2Fv2%2Fcomments&post=105051"}],"version-history":[{"count":0,"href":"https:\/\/archive.sana.sy\/es\/index.php?rest_route=\/wp\/v2\/posts\/105051\/revisions"}],"wp:featuredmedia":[{"embeddable":true,"href":"https:\/\/archive.sana.sy\/es\/index.php?rest_route=\/wp\/v2\/media\/105052"}],"wp:attachment":[{"href":"https:\/\/archive.sana.sy\/es\/index.php?rest_route=%2Fwp%2Fv2%2Fmedia&parent=105051"}],"wp:term":[{"taxonomy":"category","embeddable":true,"href":"https:\/\/archive.sana.sy\/es\/index.php?rest_route=%2Fwp%2Fv2%2Fcategories&post=105051"},{"taxonomy":"post_tag","embeddable":true,"href":"https:\/\/archive.sana.sy\/es\/index.php?rest_route=%2Fwp%2Fv2%2Ftags&post=105051"}],"curies":[{"name":"wp","href":"https:\/\/api.w.org\/{rel}","templated":true}]}}