{"id":105055,"date":"2019-04-18T20:20:15","date_gmt":"2019-04-18T17:20:15","guid":{"rendered":"https:\/\/sana.sy\/es\/?p=105055"},"modified":"2019-04-19T21:23:10","modified_gmt":"2019-04-19T18:23:10","slug":"turistas-espanoles-vistan-palmira","status":"publish","type":"post","link":"https:\/\/archive.sana.sy\/es\/?p=105055","title":{"rendered":"Turistas espa\u00f1oles visitan a Palmira, la Perla del Desierto Sirio"},"content":{"rendered":"<p style=\"text-align: justify;\"><span style=\"color: #800000;\">Palmira-SANA<\/span><\/p>\n<p style=\"text-align: justify;\">Un grupo de turistas espa\u00f1oles visit\u00f3 las ruinas de la ciudad antigua de Palmira, ubicada a 160 km al este de la ciudad de Homs y conocida como la Perla del Desierto sirio.<\/p>\n<p style=\"text-align: justify;\">Cristina, una de las turistas, dijo que la destrucci\u00f3n de las ruinas arqueol\u00f3gicas de la ciudad confirma que los perpetradores son realmente enemigos de la humanidad.<\/p>\n<p style=\"text-align: justify;\">A su vez, Luis consider\u00f3 que la ciudad de Palmira es el \u201cprincipal destino\u201d del turismo cultural para todo el mundo.<\/p>\n<p style=\"text-align: justify;\">La turista Akenia afirm\u00f3 que \u201ctodas las noticias que hab\u00edan escuchado sobre Siria son falsas\u201d, y agreg\u00f3 que transmitir\u00e1 su experiencia a sus colegas y amigos para alentarlos visitar a Siria.<\/p>\n<p style=\"text-align: justify;\">Los turistas expresaron su alegr\u00eda por visitar a Palmira y su profundo pesar por los cr\u00edmenes de sabotaje perpetrados deliberadamente por los terroristas.<\/p>\n<p style=\"text-align: justify;\">Instaron al mundo para contribuir al proceso de restauraci\u00f3n de los monumentos afectados, ya que este patrimonio hist\u00f3rico y arqueol\u00f3gico sirio corresponde a toda la humanidad.<\/p>\n<p style=\"text-align: justify;\">Recientemente, varios grupos de turistas de Francia y Alemania visitaron la hist\u00f3rica ciudad de Palmira.<\/p>\n<p style=\"text-align: justify;\">El jefe del Departamento de Gu\u00edas Tur\u00edsticos en la Federaci\u00f3n de C\u00e1maras de Turismo de Siria, hab\u00eda comentado que turistas de diferentes nacionalidades extranjeras han comenzado a visitar a Siria y hay otros que se est\u00e1n preparando para visitar a Siria para conocer de cerca sus sitios arqueol\u00f3gicos, tur\u00edsticos y culturales.<\/p>\n<p style=\"text-align: justify;\"><span style=\"color: #0000ff;\">Y. K.\/ F. M.\/ A. H.<\/span><\/p>\n","protected":false},"excerpt":{"rendered":"<p>Palmira-SANA Un grupo de turistas espa\u00f1oles visit\u00f3 las ruinas de la ciudad antigua de Palmira, ubicada a 160 km al este de la ciudad de Homs y conocida como la Perla del Desierto sirio. Cristina, una de las turistas, dijo que la destrucci\u00f3n de las ruinas arqueol\u00f3gicas de la ciudad confirma que los perpetradores son &hellip;<\/p>\n","protected":false},"author":1,"featured_media":105056,"comment_status":"closed","ping_status":"closed","sticky":false,"template":"","format":"standard","meta":{"footnotes":""},"categories":[597,476,7541],"tags":[15073],"class_list":["post-105055","post","type-post","status-publish","format-standard","has-post-thumbnail","","category-cinta-de-noticias","category-locales","category-ultimas-noticias","tag-turistas-espanoles-visitan-a-palmira-la-perla-del-desierto-sirio"],"_links":{"self":[{"href":"https:\/\/archive.sana.sy\/es\/index.php?rest_route=\/wp\/v2\/posts\/105055"}],"collection":[{"href":"https:\/\/archive.sana.sy\/es\/index.php?rest_route=\/wp\/v2\/posts"}],"about":[{"href":"https:\/\/archive.sana.sy\/es\/index.php?rest_route=\/wp\/v2\/types\/post"}],"author":[{"embeddable":true,"href":"https:\/\/archive.sana.sy\/es\/index.php?rest_route=\/wp\/v2\/users\/1"}],"replies":[{"embeddable":true,"href":"https:\/\/archive.sana.sy\/es\/index.php?rest_route=%2Fwp%2Fv2%2Fcomments&post=105055"}],"version-history":[{"count":0,"href":"https:\/\/archive.sana.sy\/es\/index.php?rest_route=\/wp\/v2\/posts\/105055\/revisions"}],"wp:featuredmedia":[{"embeddable":true,"href":"https:\/\/archive.sana.sy\/es\/index.php?rest_route=\/wp\/v2\/media\/105056"}],"wp:attachment":[{"href":"https:\/\/archive.sana.sy\/es\/index.php?rest_route=%2Fwp%2Fv2%2Fmedia&parent=105055"}],"wp:term":[{"taxonomy":"category","embeddable":true,"href":"https:\/\/archive.sana.sy\/es\/index.php?rest_route=%2Fwp%2Fv2%2Fcategories&post=105055"},{"taxonomy":"post_tag","embeddable":true,"href":"https:\/\/archive.sana.sy\/es\/index.php?rest_route=%2Fwp%2Fv2%2Ftags&post=105055"}],"curies":[{"name":"wp","href":"https:\/\/api.w.org\/{rel}","templated":true}]}}